{"id":621,"date":"2013-04-05T11:08:29","date_gmt":"2013-04-05T10:08:29","guid":{"rendered":"http:\/\/www.neschle.de\/index.php\/au-aufschrei\/au-aufschrei-67\/"},"modified":"2020-06-18T15:14:32","modified_gmt":"2020-06-18T14:14:32","slug":"au-aufschrei-67","status":"publish","type":"post","link":"https:\/\/neschle.de\/index.php\/au-aufschrei\/au-aufschrei-67\/","title":{"rendered":"Au &hellip; Aufschrei 67"},"content":{"rendered":"<header>\n<h2 style=\"text-align: left;\" align=\"justify\"><strong><span style=\"color: #4f81bd\">Wi(e)der das bessere Wissen<\/span><\/strong><\/h2>\n<p style=\"text-align: left;\" align=\"justify\"><strong>Unperfekte Camouflage: Nachl\u00c3\u00a4ssigkeit t\u00c3\u00bcrkischer Medien und Politiker als deutscher Rassismus?!<\/strong><\/p>\n<\/header>\n<p style=\"text-align: left;\" align=\"justify\">Gestern in der Uni entschied Neschle: F\u00c3\u00bcr die Anmeldung zum Seminar soll das Prinzip gelten \u00e2\u20ac\u017eWer zuerst kommt, mahlt zuerst!\u00e2\u20ac\u0153 \u00e2\u20ac\u201c Nat\u00c3\u00bcrlich diskriminiert dieses Prinzip: Alle, die sich zu sp\u00c3\u00a4t anmelden. Um Diskriminierung kommt niemand herum, wenn die Nachfrage h\u00c3\u00b6her ist als das Angebot. Die Marktwirtschaft erledigt das \u00c3\u00bcber den Preis. Doch dieses Kriterium gilt nicht an einer staatlichen Universit\u00c3\u00a4t.&nbsp;<em>Und nicht bei einem deutschen Gericht.<\/em><\/p>\n<p style=\"text-align: left;\" align=\"justify\">Muss sich Neschle nach j\u00c3\u00bcngsten Erfahrungen darauf gefasst machen, dass Studierende, die es nicht geschafft haben, auf den Seminarzug aufzuspringen, ihn der Diskriminierung bezichtigen? Obwohl sein Auswahlprinzip nur nach der Reihenfolge diskriminiert, kann es am Ende sein, dass relativ weniger Frauen, Hellh\u00c3\u00a4utige oder Deutschst\u00c3\u00a4mmige Zugang gefunden haben.<\/p>\n<p style=\"text-align: left;\"><!--more--><\/p>\n<p style=\"text-align: left;\" align=\"justify\">Letzteres ist auch das Malheur beim NSU-Prozess, nur sind t\u00c3\u00bcrkische Medien und Politiker betroffen. Da w\u00c3\u00a4hlt das Gericht ein Zugangsprinzip, das nicht rassistisch ist, und muss sich nun, wo ex-post das Ergebnis feststeht, ex-ante \u00e2\u20ac\u017eRassismus\u00e2\u20ac\u0153 vorwerfen lassen, unter anderem von einem Organ, das seit mehr als sechzig Jahren mit dem Untertitel aufmacht <em><span style=\"font-family: Arial;\">\u00e2\u20ac\u017e<\/span>T\u00c3\u00bcrkiye T\u00c3\u00bcrklerindir&#8220;<\/em>&nbsp;(\u00e2\u20ac\u017eDie T\u00c3\u00bcrkei geh\u00c3\u00b6rt den T\u00c3\u00bcrken\u00e2\u20ac\u0153)<a title=\"_ftn1\" href=\"#_ftnref1\" name=\"_ftn1\">[1]<\/a>.<span style=\"font-family: Arial;\"> I<\/span><\/p>\n<p style=\"text-align: left;\" align=\"justify\">Interessant ist die Begr\u00c3\u00bcndung eines Vertreters t\u00c3\u00bcrkischer Interessen in Deutschland f\u00c3\u00bcr die Notwendigkeit der Gegenwart t\u00c3\u00bcrkischer Medien und Politiker:&nbsp;<em>Nur die Anwesenheit t\u00c3\u00bcrkischer Medien und Politiker k\u00c3\u00b6nne garantieren, dass es einen fairen NSU-Prozess gibt. <\/em>(Da bleibt Neschle die Spucke weg.)<\/p>\n<p style=\"text-align: left;\" align=\"justify\">Wie hoch m\u00c3\u00bcsste denn die Quote f\u00c3\u00bcr interessierte t\u00c3\u00bcrkische Medien und Politiker sein, damit die zufrieden w\u00c3\u00a4ren? Denn ohne Zweifel k\u00c3\u00b6nnten sie s\u00c3\u00a4mtliche Pl\u00c3\u00a4tze ausf\u00c3\u00bcllen: \u00e2\u20ac\u017eEines der zehn NSU-Opfer war griechischer Staatsangeh\u00c3\u00b6riger, sechs hatten einen t\u00c3\u00bcrkischen Pass, zwei weitere Wurzeln in der T\u00c3\u00bcrkei.\u00e2\u20ac\u0153<a title=\"_ftn2\" href=\"#_ftnref2\" name=\"_ftn2\">[2]<\/a> Und dann w\u00c3\u00a4re da ja noch die deutsche Polizistin, die sogar unsere Medien vergessen haben, ganz zu schweigen von den t\u00c3\u00bcrkischen.<\/p>\n<p style=\"text-align: left;\" align=\"justify\">Also 60 Prozent f\u00c3\u00bcr t\u00c3\u00bcrkische Medien oder 70 Prozent, wenn man die mit \u00e2\u20ac\u017et\u00c3\u00bcrkischen Wurzeln\u00e2\u20ac\u0153 zur H\u00c3\u00a4lfte anrechnet. 10 Prozent noch f\u00c3\u00bcr die Griechen und 20 Prozent f\u00c3\u00bcr die Deutschen. Und was, wenn demn\u00c3\u00a4chst in der T\u00c3\u00bcrkei ein T\u00c3\u00bcrke angeklagt wird, der einen Deutschen ermordet haben soll? Werden die Deutschen auf 100 Prozent Quote pochen k\u00c3\u00b6nnen und auf reservierte Pl\u00c3\u00a4tze f\u00c3\u00bcr deutsche Politiker?<\/p>\n<p style=\"text-align: left;\" align=\"justify\">Aber doch nicht in der T\u00c3\u00bcrkei: Die hat ein unabh\u00c3\u00a4ngiges Rechtssystem! Da kann kein t\u00c3\u00bcrkischer Politiker eine Quote garantieren. \u00e2\u20ac\u201c Oder ist es dort ein wenig weniger unabh\u00c3\u00a4ngig, und t\u00c3\u00bcrkische Presse und Politiker verlangen nun vom deutschen Gericht, mit der Quotierung auf t\u00c3\u00bcrkische Verh\u00c3\u00a4ltnisse umzuschalten?<\/p>\n<p style=\"text-align: left;\" align=\"justify\"><em>Immerhin ist es sehr, sehr ungl\u00c3\u00bccklich, dass das Ergebnis ist, wie es ist.&nbsp;<\/em>Neschle w\u00c3\u00a4re auch ungl\u00c3\u00bccklich, wenn in seinem Seminar am Ende entweder nur M\u00c3\u00a4nner oder Frauen, nur Deutschst\u00c3\u00a4mmige oder T\u00c3\u00bcrkischst\u00c3\u00a4mmige, nur Hell- oder Dunkelh\u00c3\u00a4utige s\u00c3\u00a4\u00c3\u0178en. Aber wo ist Neschles Sexismus, Nationalismus oder Rassismus, wenn sein Kriterium schlicht die zeitliche Reihenfolge der Anmeldung war?<\/p>\n<p style=\"text-align: left;\" align=\"justify\">H\u00c3\u00a4tte er dagegen Quoten eingef\u00c3\u00bchrt, h\u00c3\u00a4tte ihm jemand vorwerfen k\u00c3\u00b6nnen, zu viele T\u00c3\u00bcrkischst\u00c3\u00a4mmige zuzulassen, wenn z.B. die mit deutschem Pass auch die Quote der Deutschen aussch\u00c3\u00b6pften. <em>Fast jede Redaktion eines deutschen Pressemediums hat heute t\u00c3\u00bcrkischst\u00c3\u00a4mmige Redakteure. Die kann die deutsche Redaktion nat\u00c3\u00bcrlich zum Prozess schicken.<\/em> T\u00c3\u00a4te sie dies und w\u00c3\u00bcrden zugleich t\u00c3\u00bcrkischen Medien und Politikern Pl\u00c3\u00a4tze reserviert, w\u00c3\u00a4ren wir bei Neschles \u00c3\u0153berquotierung.<\/p>\n<p style=\"text-align: left;\" align=\"justify\"><em>Doch kommen wir zur unterschwelligen Diskriminierung, zum \u00e2\u20ac\u017eges\u00c3\u00b6mmerten H\u00c3\u00b6henfleckvieh&#8220;<\/em><a title=\"_ftn3\" href=\"#_ftnref3\" name=\"_ftn3\"><span style=\"font-family: Arial;\">[3]<\/span><\/a><span style=\"font-family: Arial;\"><em>.&nbsp;<\/em><\/span>Die Reihenfolge der Anmeldung ist zwar auf den ersten Blick nicht \u00e2\u20ac\u017erassistisch\u00e2\u20ac\u0153, auf den zweiten Blick aber vielleicht schon, wenn die Ersten immer Deutsche sind, weil nur sie mit den Usancen ihrer Gerichte hinreichend vertraut sind.<\/p>\n<p style=\"text-align: left;\" align=\"justify\"><em>Liebe T\u00c3\u00bcrken: Bei jedem Gastspiel einer t\u00c3\u00bcrkischen Fu\u00c3\u0178ballmannschaft schafft Ihr es, so viele Karten zu organisieren, dass man als Deutscher den Eindruck hat, das Spiel finde in der T\u00c3\u00bcrkei statt. Da werden die Karten nach demselben Prinzip vergeben wie bei Gericht und niemand beschwert sich \u00c3\u00bcber Rassismus, auch die deutsche Minderheit nicht. So w\u00c3\u00a4re es gewesen, h\u00c3\u00a4tten Eure Medien im Fall der NSU-Prozesse einen \u00c3\u00a4hnlichen Ehrgeiz gehabt wie Ihr selbst beim Fu\u00c3\u0178ball. Die h\u00c3\u00a4tten da auch ein Heimspiel gehabt wie beim Fu\u00c3\u0178ball: Eine Deutschenquote gab es beim Gericht nicht und daher h\u00c3\u00a4tten Eure Medien und Politiker sogar in der Mehrheit sein k\u00c3\u00b6nnen.<\/em><\/p>\n<p style=\"text-align: left;\" align=\"justify\"><em>Doch deren verdammter Stolz l\u00c3\u00a4sst es wohl nicht zu, sich selbst f\u00c3\u00bcr die eigene Nachl\u00c3\u00a4ssigkeit oder Dummheit sch\u00c3\u00a4men und sich daf\u00c3\u00bcr bei Ihren Lesern, Zuh\u00c3\u00b6rern, Zuschauern und W\u00c3\u00a4hlern entschuldigen. Sie h\u00c3\u00a4tten allen Grund dazu!<\/em><\/p>\n<p style=\"text-align: left;\" align=\"justify\"><em>Wider besseres Wissen geben sie wieder besseres Wissen vor. Denn sie versuchen den Mangel an Scham mit Unversch\u00c3\u00a4mtheit wettzumachen. Und sie beschuldigen das deutsche Gericht des Rassismus, indem sie \u00e2\u20ac\u017erassistische Quoten\u00e2\u20ac\u0153 einfordern. Eure Medien und Politiker h\u00c3\u00a4tten aber jeden Grund, bescheiden zu sein. Also: Lasst Euch von denen blo\u00c3\u0178 nicht vorf\u00c3\u00bchren!<\/em><\/p>\n<p style=\"text-align: left;\" align=\"justify\"><em>Nur im Ergebnis stimmt Neschle zu: Das Ganze ist verdammt ungl\u00c3\u00bccklich und Neschle h\u00c3\u00a4tte Euren Medien und Politikern einen \u00c3\u00a4hnlichen Ehrgeiz gew\u00c3\u00bcnscht, wie Ihr selbst ihn bei den Fu\u00c3\u0178ballkarten oft genug bewiesen habt. Und glaubt nicht, f\u00c3\u00bcr einen einfachen Fu\u00c3\u0178ballfan sei es leichter, an Fu\u00c3\u0178ballkarten zu kommen als f\u00c3\u00bcr Medien- und Politprofis an Gerichtszulassungen. Aber man muss sich k\u00c3\u00bcmmern!<\/em><\/p>\n<p style=\"text-align: left;\" align=\"justify\">Eines aber soll hier klar sein: Neschle will auf keinen Fall, dass der NSU-Prozess f\u00c3\u00bcr die Angeklagten nur deshalb besser ausgeht, weil das deutsche Gericht von t\u00c3\u00bcrkischen Medien und Politikern gezwungen wird, Formfehler zu machen. Das wollt Ihr doch auch nicht!<\/p>\n<p style=\"text-align: left;\" align=\"justify\">Jetzt, wo die t\u00c3\u00bcrkischen Medien und Politiker es selbst verbockt haben, ohne es selbst einsehen zu wollen, bleibt nur noch eines: <em>Deutsche Medien, die einen Zugang zum Prozess haben, sollten bevorzugt t\u00c3\u00bcrkischst\u00c3\u00a4mmige Redakteure als Prozessbeobachter losschicken. Und da d\u00c3\u00bcrfte es mittlerweile gen\u00c3\u00bcgend geben! Zum Gl\u00c3\u00bcck.<\/em> Aber vergesst mir dar\u00c3\u00bcber die Griechen und die Deutschen nicht. Wenn Ihr schon die Menschen quotiert, dann auch konsequent! Besser w\u00c3\u00a4re, wir k\u00c3\u00a4men ohne die Quote aus. Und das geht auch, wenn sich jeder k\u00c3\u00bcmmert!<\/p>\n<div style=\"text-align: left;\" align=\"justify\">\n<hr align=\"left\" size=\"1\" width=\"33%\">\n<\/div>\n<p style=\"text-align: left;\" align=\"justify\"><a title=\"_ftnref1\" href=\"#_ftn1\" name=\"_ftnref1\"><span style=\"font-family: Arial;\">[<\/span>1]<\/a> Ja, Neschle wei\u00c3\u0178, dass dies einst beim Staatsgr\u00c3\u00bcnder auch eine andere Bedeutung hatte. Doch aus gutem Grund macht die Bildzeitung nicht mit dem Spruch auf \u00e2\u20ac\u017eDeutschland geh\u00c3\u00b6rt den Deutschen\u00e2\u20ac\u0153.<\/p>\n<p style=\"text-align: left;\" align=\"justify\"><a title=\"_ftnref2\" href=\"#_ftn2\" name=\"_ftnref2\">[2]<\/a> Wolf Schmidt, NSU-Prozess: Dresche f\u00c3\u00bcr das M\u00c3\u00bcnchner Gericht. taz-online vom 27. M\u00c3\u00a4rz 2013, URL: <a href=\"http:\/\/www.taz.de\/!113630\/\">http:\/\/www.taz.de\/!113630\/<\/a>.<\/p>\n<p style=\"text-align: left;\" align=\"justify\"><a title=\"_ftnref3\" href=\"#_ftn3\" name=\"_ftnref3\">[3]<\/a> Wer Spa\u00c3\u0178 hat, kann dazu ja den kurzen Wikipedia-Artikel \u00e2\u20ac\u017eGes\u00c3\u00b6mmertes H\u00c3\u00b6henfleckvieh\u00e2\u20ac\u0153 lesen!<\/p>\n<p style=\"text-align: justify;\"><a title=\"PDF-Datei\" href=\"http:\/\/www.neschle.de\/download-manager.php?id=201\"><span style=\"font-size: small;\">PDF-Datei<\/span><\/a><span style=\"font-size: small;\"><br \/>\nThis post was downloaded by <!--downloads(201)-->people until now.<\/span><\/p>\n","protected":false},"excerpt":{"rendered":"<p>Wi(e)der das bessere Wissen Unperfekte Camouflage: Nachl\u00c3\u00a4ssigkeit t\u00c3\u00bcrkischer Medien und Politiker als deutscher Rassismus?! Gestern in der Uni entschied Neschle: F\u00c3\u00bcr die Anmeldung zum Seminar soll das Prinzip gelten \u00e2\u20ac\u017eWer zuerst kommt, mahlt zuerst!\u00e2\u20ac\u0153 \u00e2\u20ac\u201c Nat\u00c3\u00bcrlich diskriminiert dieses Prinzip: Alle, die sich zu sp\u00c3\u00a4t anmelden. Um Diskriminierung kommt niemand herum, wenn die Nachfrage h\u00c3\u00b6her ist &hellip; <\/p>\n<p class=\"link-more\"><a href=\"https:\/\/neschle.de\/index.php\/au-aufschrei\/au-aufschrei-67\/\" class=\"more-link\"><span class=\"screen-reader-text\">\u201eAu &hellip; Aufschrei 67\u201c <\/span>weiterlesen<\/a><\/p>\n","protected":false},"author":2,"featured_media":0,"comment_status":"open","ping_status":"closed","sticky":false,"template":"","format":"standard","meta":{"footnotes":""},"categories":[3,4],"tags":[19,14,36,15],"class_list":["post-621","post","type-post","status-publish","format-standard","hentry","category-au-aufschrei","category-blog","tag-gerechtigkeit","tag-gesellschaft","tag-medien","tag-presse"],"_links":{"self":[{"href":"https:\/\/neschle.de\/index.php\/wp-json\/wp\/v2\/posts\/621","targetHints":{"allow":["GET"]}}],"collection":[{"href":"https:\/\/neschle.de\/index.php\/wp-json\/wp\/v2\/posts"}],"about":[{"href":"https:\/\/neschle.de\/index.php\/wp-json\/wp\/v2\/types\/post"}],"author":[{"embeddable":true,"href":"https:\/\/neschle.de\/index.php\/wp-json\/wp\/v2\/users\/2"}],"replies":[{"embeddable":true,"href":"https:\/\/neschle.de\/index.php\/wp-json\/wp\/v2\/comments?post=621"}],"version-history":[{"count":1,"href":"https:\/\/neschle.de\/index.php\/wp-json\/wp\/v2\/posts\/621\/revisions"}],"predecessor-version":[{"id":753,"href":"https:\/\/neschle.de\/index.php\/wp-json\/wp\/v2\/posts\/621\/revisions\/753"}],"wp:attachment":[{"href":"https:\/\/neschle.de\/index.php\/wp-json\/wp\/v2\/media?parent=621"}],"wp:term":[{"taxonomy":"category","embeddable":true,"href":"https:\/\/neschle.de\/index.php\/wp-json\/wp\/v2\/categories?post=621"},{"taxonomy":"post_tag","embeddable":true,"href":"https:\/\/neschle.de\/index.php\/wp-json\/wp\/v2\/tags?post=621"}],"curies":[{"name":"wp","href":"https:\/\/api.w.org\/{rel}","templated":true}]}}