{"id":44,"date":"2007-05-09T14:27:51","date_gmt":"2007-05-09T12:27:51","guid":{"rendered":"http:\/\/www.neschle.de\/wordpress\/?p=44"},"modified":"2020-06-19T15:28:22","modified_gmt":"2020-06-19T14:28:22","slug":"au-aufschrei-3","status":"publish","type":"post","link":"https:\/\/neschle.de\/index.php\/au-aufschrei\/au-aufschrei-3\/","title":{"rendered":"Au &#8230; Aufschrei 3"},"content":{"rendered":"<header>\n<h2 style=\"text-align: left;\"><strong><span style=\"color: #4f81bd\">Klar! Die Sache ist klar?<\/span><\/strong><\/h2>\n<p style=\"text-align: left;\"><strong>Bayern, CSU: Viele Berge, wenig Horizont!<\/strong><\/p>\n<\/header>\n<p style=\"text-align: left;\">Was ist ein gutes Abitur wert? In Bayern, sagt man, werden die besten gemacht. Wie kommt es dann, dass von dort immer die d\u00fcmmsten politischen Spr\u00fcche kommen?<!--more--> Ist das die \u201eDummheit der Gescheiten\u201c? Oder ist der bayrische Abiturnachweis wie ein m\u00fcndlicher Vertrag: Nicht einmal das Papier wert, auf dem er geschrieben steht?<\/p>\n<p style=\"text-align: left;\">Da beschweren sich Politiker der CSU dar\u00fcber, dass der Bundespr\u00e4sident Christian Klar mit seinem Besuch viel zu hohe Bedeutung beigemessen, wenn nicht gar Klar \u201egeehrt\u201c hat, weil er ihn beehrte. Kann man so sehen, muss man nicht! Man kann auch diskutieren (was bislang keiner tut!), warum unser Recht es einem v\u00f6llig uneinsichtigen Mehrfach-M\u00f6rder gestattet, durch seine Chuzpe (klingt verschlagener als Dreistigkeit!) den h\u00f6chsten Staatsdiener in eine solche Lage zu bringen. C. Klar (sprich \u201esee klar!\u201c) konnte K\u00f6hler durch seinen Antrag in die Zwickm\u00fchle setzen, in der <span style=\"text-decoration: underline;\"><em>jeder<\/em><\/span> Mensch nur Fehler macht. W\u00e4re einer seiner \u00fcberschlauen Kritiker unbeschadet aus der Sache herausgekommen? &#8211; Wie, das ging nicht? Ja, eben! Dann muss man eben da ansetzen, wo die Zwickm\u00fchle gebaut wird!<\/p>\n<p style=\"text-align: left;\">Neschle h\u00e4tte kein W\u00f6rtchen \u00fcber die Sache verloren, h\u00e4tte der gemeine Bayer von der CSU nun etwa wie der Beckenbauer gesagt: \u201eJo, mei! Zua v\u00fcll Aufmeaksaomkeit durch den Besuach! \u00c4\u00e4\u00e4h! Der Klaor, ja mei! Nit beaochten! Goar nit weiter ignoriern!\u201c Das w\u00e4re die richtige Reaktion f\u00fcr jemand gewesen, der CK (Nicht Calvin Klein! Klar?) ganz wenig von ihr geben will, seiner Aufmerksamkeit. Doch was machen da Leute von der CSU?<\/p>\n<p style=\"text-align: left;\">Sie drohen damit, den Bundespr\u00e4sidenten deshalb nicht wiederzuw\u00e4hlen. Noch einmal: <span style=\"text-decoration: underline;\"><em>Deshalb!!! <\/em><\/span>Ja, Herrgottsackrakruzifixhallelujah noamool! Wenn das nicht die Super- Super- Aufmerksamkeit ist, die man CK \u00fcberhaupt zukommen lassen kann!<\/p>\n<p style=\"text-align: left;\">Von einem Gespr\u00e4ch mit ihm &#8211; falsch oder richtig ist hier egal &#8211; soll jetzt abh\u00e4ngig sein, ob wir unser Staatsoberhaupt wiederw\u00e4hlen! Welch eine Aufmerksamkeit f\u00fcr CK! Dann hei\u00dft es: Die CSU stimmte gegen die Wiederwahl von Bundespr\u00e4sident Horst K\u00f6hler <span style=\"text-decoration: underline;\"><em>wegen<\/em><\/span> dessen Besuch bei <span style=\"text-decoration: underline;\"><em>Klar<\/em><\/span>! Klar??!!!<\/p>\n<p style=\"text-align: left;\">In welchen Schmutz wird dieses Amt nun gezogen? Ausgerechnet durch diejenigen, die sich gern als dessen Gralsh\u00fcter ausgeben! Dieses Amt von einer solchen Frage abh\u00e4ngig zu machen: Das ist ein Stellenwert, den diese Frage nicht verdient. Das ist ein Stellenwert f\u00fcr das Amt des Bundespr\u00e4sidenten, den dieses nicht verdient. Ein wenig mehr Respekt der bayrischen CSU w\u00e4re hier sch\u00f6n. Mindestens derselbe, den man dort vorm Totsaufen hat. Wie hei\u00dft es: \u201e\u2019Der Huber is gstorm.\u2019 \u2013 \u201aJa, wia?\u2019 \u2013 \u201aTotgsuffa!\u2019 \u2013 \u201aReschpeckt!\u2019\u201c &#8211;<\/p>\n<p style=\"text-align: left;\">Haben denn die Deppen von der CSU nur noch Berge und keinen Horizont oder den einer knienden Waldameise? Daf\u00fcr verleiht der \u201eSau-Preis\u201c Neschle zum zweiten Mal einen Preis f\u00fcr die CSU. Hinein mit ihren Argumenten! Und jetzt kommst Du!<\/p>\n<p><a href=\"http:\/\/neschle.de\/wp-content\/2007\/05\/WindowsLiveWriter\/Au.Aufschrei3_BD9A\/clip_image002%5B5%5D%5B4%5D.jpg\"><img decoding=\"async\" loading=\"lazy\" style=\"border: 0px;\" src=\"http:\/\/neschle.de\/wp-content\/2007\/05\/WindowsLiveWriter\/Au.Aufschrei3_BD9A\/clip_image002%5B5%5D%5B3%5D.jpg\" width=\"179\" height=\"240\" border=\"0\"><\/a><\/p>\n<p><a title=\"PDF-Datei\" href=\"http:\/\/www.neschle.de\/download-manager.php?id=15\">PDF-Datei<\/a><br \/>\nThis post was downloaded by  1165  people until now.<\/p>\n","protected":false},"excerpt":{"rendered":"<p>Klar! Die Sache ist klar? Bayern, CSU: Viele Berge, wenig Horizont! Was ist ein gutes Abitur wert? In Bayern, sagt man, werden die besten gemacht. Wie kommt es dann, dass von dort immer die d\u00fcmmsten politischen Spr\u00fcche kommen?<\/p>\n","protected":false},"author":2,"featured_media":0,"comment_status":"open","ping_status":"closed","sticky":false,"template":"","format":"standard","meta":[],"categories":[3,4],"tags":[11],"_links":{"self":[{"href":"https:\/\/neschle.de\/index.php\/wp-json\/wp\/v2\/posts\/44"}],"collection":[{"href":"https:\/\/neschle.de\/index.php\/wp-json\/wp\/v2\/posts"}],"about":[{"href":"https:\/\/neschle.de\/index.php\/wp-json\/wp\/v2\/types\/post"}],"author":[{"embeddable":true,"href":"https:\/\/neschle.de\/index.php\/wp-json\/wp\/v2\/users\/2"}],"replies":[{"embeddable":true,"href":"https:\/\/neschle.de\/index.php\/wp-json\/wp\/v2\/comments?post=44"}],"version-history":[{"count":1,"href":"https:\/\/neschle.de\/index.php\/wp-json\/wp\/v2\/posts\/44\/revisions"}],"predecessor-version":[{"id":888,"href":"https:\/\/neschle.de\/index.php\/wp-json\/wp\/v2\/posts\/44\/revisions\/888"}],"wp:attachment":[{"href":"https:\/\/neschle.de\/index.php\/wp-json\/wp\/v2\/media?parent=44"}],"wp:term":[{"taxonomy":"category","embeddable":true,"href":"https:\/\/neschle.de\/index.php\/wp-json\/wp\/v2\/categories?post=44"},{"taxonomy":"post_tag","embeddable":true,"href":"https:\/\/neschle.de\/index.php\/wp-json\/wp\/v2\/tags?post=44"}],"curies":[{"name":"wp","href":"https:\/\/api.w.org\/{rel}","templated":true}]}}