{"id":423,"date":"2009-03-09T13:15:56","date_gmt":"2009-03-09T12:15:56","guid":{"rendered":"http:\/\/www.neschle.de\/index.php\/blog\/leon-neschle-55-11-woche-2009\/"},"modified":"2020-06-20T15:19:12","modified_gmt":"2020-06-20T14:19:12","slug":"leon-neschle-55-11-woche-2009","status":"publish","type":"post","link":"https:\/\/neschle.de\/index.php\/blog\/leon-neschle-55-11-woche-2009\/","title":{"rendered":"Leon Neschle 55 (11. Woche 2009)"},"content":{"rendered":"<header>\n<h2 style=\"text-align: left;\"><strong><span style=\"color: #4f81bd\">Schon wieder eine Vertreibung?<\/span><\/strong><\/h2>\n<\/header>\n<p style=\"text-align: left;\"><em>Ich habe mich nie meiner polnischen Wurzeln gesch\u00c3\u00a4mt. Jetzt ja!<\/em> <span style=\"color: #000000;\">(Neschle)<\/span><\/p>\n<p style=\"text-align: left;\">Die Pr\u00c3\u00a4sidentin des Bundes der Vertriebenen(BdV), Erika Steinbach, ist zur\u00c3\u00bcckgetreten von ihrer Mitgliedschaft im Stiftungsrat des \u00e2\u20ac\u017eZentrums gegen Vertreibungen\u00e2\u20ac\u0153. <i>Aber sie hat nicht zur\u00c3\u00bcckgetreten.<\/i> Zum Gl\u00c3\u00bcck! Dass die Erika nach der Hetzkampagne aus Polen nicht zur\u00c3\u00bcckgetreten <i>hat<\/i>, sollte (die) Polen zum Nachdenken bringen. Zum Vordenken sind polnische Politiker und Presse n\u00c3\u00a4mlich nicht gekommen:<\/p>\n<p style=\"text-align: left;\">Weder Wort- und Bildwahl noch Tonlage der Kommentare waren einer Kulturnation w\u00c3\u00bcrdig. Kein entehrendes Klischee \u00c3\u00bcber die \u00e2\u20ac\u017eblonde Bestie\u00e2\u20ac\u0153 wurde ausgelassen, auch nicht das der SS-Domina, die l\u00c3\u00a4chelnd auf dem deutschen Kanzler reitet:<\/p>\n<p style=\"text-align: left;\"><!--more--><\/p>\n<h4 style=\"text-align: left;\"><a href=\"http:\/\/www.neschle.de\/wp-content\/2009\/03\/clip-image0014.jpg\"><img loading=\"lazy\" decoding=\"async\" style=\"border-width: 0px; display: inline;\" title=\"clip_image001[4]\" src=\"http:\/\/www.neschle.de\/wp-content\/2009\/03\/clip-image0014-thumb.jpg\" alt=\"clip_image001[4]\" width=\"244\" height=\"184\" border=\"0\"><\/a><\/h4>\n<p style=\"text-align: left;\">Das war (2003) nicht nur eine Diffamierung von Frau Steinbach (<i>und<\/i> Gerhard Schr\u00c3\u00b6der), sondern ist auch noch heute eine <i>v\u00c3\u00b6llige \u00c3\u0153bersch\u00c3\u00a4tzung<\/i> des (\u00e2\u20ac\u017em\u00c3\u00b6glicherweise b\u00c3\u00b6sartigen\u00e2\u20ac\u0153) Einflusses von Frau Steinbach auf die deutsche Politik.<\/p>\n<p style=\"text-align: left;\">Frau Steinbach zeigt sich mittlerweile verletzt von der endlosen Folge polnischer Diffamierungen, die, obwohl voll daneben, nach ihrem R\u00c3\u00bccktritt noch nicht vorbei sind. Wladyslaw Bartoszewski, polnischer Deutschlandbeauftragter, meinte noch im Nachtrag sagen zu m\u00c3\u00bcssen, Steinbach eigne sich f\u00c3\u00bcr Verhandlungen mit Polen wie ein entschlossener Antisemit f\u00c3\u00bcr Verhandlungen mit Jerusalem. Dagegen nehmen sich die \u00c3\u201eu\u00c3\u0178erungen von Frau Steinbach richtig harmlos aus: &#8222;Ich streue Zucker auf das Brot, und dann sagen sie: Das ist aber Salz.&#8220; Die Polen sollten sich langsam beruhigen und nicht bestimmen wollen, \u00e2\u20ac\u017ewie wir unserer Opfer gedenken&#8220;.<\/p>\n<h3 style=\"text-align: left;\"><strong>A. \u00e2\u20ac\u017eWas uns fremde \u00c3\u0153bermacht nahm, werden wir uns mit dem S\u00c3\u00a4bel zur\u00c3\u00bcckholen!\u00e2\u20ac\u0153<\/strong><\/h3>\n<p style=\"text-align: left;\">Der Satz in der \u00c3\u0153berschrift stammt nicht etwa von Erika Steinbach. Oder von Leuten, die \u00e2\u20ac\u017eMitteldeutschland\u00e2\u20ac\u0153 in bestimmtem Sinne w\u00c3\u00b6rtlich nehmen. Oder von solchen, die anders als Frau Steinbach die ehemals Ostgebiete zur\u00c3\u00bcckhaben und Deutschland wieder einverleiben wollen. <i>Die Polen selbst (!) singen diesen Satz gleich in der zweiten Zeile ihrer Nationalhymne und bezeugen so ihre Unvers\u00c3\u00b6hnlichkeit mit allen, die ihnen etwas weggenommen haben.<\/i> Was die r\u00c3\u00a4umlichen Verh\u00c3\u00a4ltnisse angeht, waren das nach dem zweiten Weltkrieg allerdings eher Russen als Deutsche.<\/p>\n<p style=\"text-align: left;\">Bef\u00c3\u00bcrchten gerade (die) Polen die von ihnen selbst sanglich angek\u00c3\u00bcndigte Politik des S\u00c3\u00a4belrasselns von Frau Steinbach? Man \u00c3\u00bcbertr\u00c3\u00a4gt ja gern das eigene Denken auf andere, weil einem die eigenen Vorstellungen vertraut sind! Oder ist da mehr dran:<\/p>\n<p style=\"text-align: left;\">Vor 18 (AH<a href=\"#_ftn1_7035\" name=\"_ftnref1_7035\">[1]<\/a>!) Jahren hat Erika Steinbach sich gegen die endg\u00c3\u00bcltige Anerkennung der Oder-Nei\u00c3\u0178e-Linie gewandt. Aus ihrem Mund erhielte da auch die erste Zeile der polnischen Nationalhymne \u00e2\u20ac\u017eNoch ist Polen nicht verloren\u00e2\u20ac\u0153 eine bedrohliche Bedeutung f\u00c3\u00bcr die Polen, obwohl die sich ihrerseits damit tr\u00c3\u00b6sten. Sp\u00c3\u00a4ter hat sie mit der Blockade des polnischen EU-Beitritts \u00e2\u20ac\u017egedroht\u00e2\u20ac\u0153. Selbst wenn beides aus meiner Sicht nicht richtig und auch nicht richtig klug war, rechtfertigt das nicht solch b\u00c3\u00b6sartige Unterstellungen wie die einer SS-Domina, welche die <i>heutige<\/i> deutsche Politik fest im Schenkeldruck hat.<\/p>\n<p style=\"text-align: left;\">Frau Steinbach r\u00c3\u00a4umt ein: &#8222;Die Polen waren das gebeutelteste Volk unter Hitler. Hinterher mussten viele Polen aus dem ostpolnischen Bereich ihre Heimat verlassen, \u00e2\u20ac\u00a6.\u00e2\u20ac\u0153 Das ist in beiden F\u00c3\u00a4llen richtig beobachtet. Dennoch kennt fast in Polen jeder sie als <i>die<\/i> Intim-Feindin der Polen, der augenscheinlich ein riesiges Machtpotential zugeschrieben wird. Anders l\u00c3\u00a4sst sich kaum die gigantische Aufmerksamkeit f\u00c3\u00bcr eine Politikerin erkl\u00c3\u00a4ren, die hierzulande den meisten unbekannt ist.<\/p>\n<p style=\"text-align: left;\">In Polen dagegen ist Erika Steinbach eine der bekanntesten und zugleich verkanntesten Deutschen. Sie wird in einem Atemzug mit dem nicht verkannten Hitler genannt: \u00e2\u20ac\u017eSie kam mit Hitler (ihr Vater war Soldat) und ging mit Hitler\u00e2\u20ac\u0153. Ihr werden unglaubliche Kr\u00c3\u00a4fte bei der negativen Beeinflussung der deutschen Politik gegen\u00c3\u00bcber Polen unterstellt, die sie nicht einmal ann\u00c3\u00a4hernd hat.<\/p>\n<p style=\"text-align: left;\"><i>Polnische Politiker und polnische Presse k\u00c3\u00b6nnen sich jedoch mit einer solchen Fehleinsch\u00c3\u00a4tzung nicht hinter Nichtwissen verstecken!<\/i> Das ist mittlerweile reine Hetzjagd und reiner Herdentrieb (Leon Neschle <a href=\"https:\/\/neschle.de\/index.php\/blog\/leon-neschle-54-10-woche-2009\/\">54<\/a>), der in einer wilden Stampede alles zu zertreten sucht, was schon an deutsch-polnischen Beziehungen aufgebaut wurde. Eine solche Stampede dreht sich best\u00c3\u00a4ndig im Kreis. Da geht nichts mehr durchs Hirn, sondern alles durch Bauch und durchs Herz. Passend dazu folgt die polnische Argumentation zur Vertreibung der Deutschen einem Kreislauf:<\/p>\n<p style=\"text-align: left;\">\u00c2\u00a7 1: Die Deutschen sind durch Hitler immer im Unrecht!<\/p>\n<p style=\"text-align: left;\">\u00c2\u00a7 2: Sollten die Deutschen im Recht sein, tritt \u00c2\u00a7 1 in Kraft!<\/p>\n<p style=\"text-align: left;\">So verweilt man nie lange bei der Frage, wo Deutsche einmal im Recht (gewesen) sein k\u00c3\u00b6nnten. Der AH-Effekt macht\u00e2\u20ac\u2122s m\u00c3\u00b6glich: Denkst Du an Deutsche, denke nur an den Beutedeutschen Adolf Hitler, dessen krankes Regime und dessen Untaten!<\/p>\n<h3 style=\"text-align: left;\"><strong>B. \u00e2\u20ac\u017eDer hat angefangen!\u00e2\u20ac\u0153 und die harte Bestrafung von Revanchefouls<\/strong><\/h3>\n<p style=\"text-align: left;\">Mich erinnert die polnische Haltung an meine Kindheit als blondgelockter(!) Raufbold. Ganz egal, was ich selbst dem anderen angetan hatte, ich kannte nur eine Antwort: \u00e2\u20ac\u017e<i><u>Der<\/u><\/i> hat angefangen!\u00e2\u20ac\u0153 Damit beantwortete ich jede Schuldzuweisung an mich und damit kl\u00c3\u00a4rte und erkl\u00c3\u00a4rte sich f\u00c3\u00bcr mich die <i>gesamte<\/i> Schuldfrage. Merkw\u00c3\u00bcrdigerweise aber nicht f\u00c3\u00bcr die anderen. Denen war es nicht egal, dass ich hart und unfair zur\u00c3\u00bcckgeschlagen hatte.<\/p>\n<p style=\"text-align: left;\">Das stellte ich besonders beim Fu\u00c3\u0178ball fest. Ich selbst wurde schon f\u00c3\u00bcr ein kleines Revanchefoul vom Platz gestellt und nicht derjenige, der mir den ersten harten Tritt versetzte. Dahinter sah ich fast die fast biblische Anforderung: \u00e2\u20ac\u017eTritt Dir einer auf die eine Wade, halte ihm die andere Wade hin!\u00e2\u20ac\u0153<\/p>\n<p style=\"text-align: left;\">Solch biblische Haltung fordert heute niemand von (den) Polen. Bis auf ein paar Verr\u00c3\u00bcckte, denkt auch niemand hierzulande daran, die ehemals deutschen Ost- und heutigen polnischen West-Gebiete wieder Deutschland einzuverleiben. Wo will man da anfangen, wo aufh\u00c3\u00b6ren? Die Russen d\u00c3\u00bcrfte man dabei nicht vergessen und (die) Polen f\u00c3\u00bchren ihrerseits an, dass diese Gebiete irgendwann schon vorher einmal \u00e2\u20ac\u017epolnisch\u00e2\u20ac\u0153 waren. Nur die Dummen auf allen Seiten haben da <i>keine<\/i> Zweifel, nur die Engstirnigen <i>keine<\/i> Skrupel! Die wollen sich, wie in der polnischen Nationalhymne, am liebsten alles mit dem S\u00c3\u00a4bel zur\u00c3\u00bcckholen. \u00e2\u20ac\u201c Doch f\u00c3\u00bcr wen und f\u00c3\u00bcr was?<\/p>\n<p style=\"text-align: left;\">Mir reicht es, wenn ich die ehemals (auch) deutschen St\u00c3\u00a4tten mit Respekt besuchen darf. In Passau verstehe ich die Leute doch ebenfalls nicht und vergesse, dass ich in Deutschland bin. Welchen Vorteil sollte ich davon haben, dass etwas zu Deutschland geh\u00c3\u00b6rt? Man muss irgendwann einen Schlusspunkt setzen: Die Leute, die <i>jetzt(!!!)<\/i> dort leben, sollten das entscheiden, wie die Saarl\u00c3\u00a4nder nach dem Krieg. Ich stelle mir vor, Hitler-Deutschland h\u00c3\u00a4tte den Krieg gewonnen! Nicht auszudenken, wie gro\u00c3\u0178 Deutschland w\u00c3\u00a4re! Mein Vater h\u00c3\u00a4tte jedoch zeitlebens eine Grenze hinter dem Ural bewacht. F\u00c3\u00bcr den Preis, dass etwas zu Deutschland geh\u00c3\u00b6rt??? Was h\u00c3\u00a4tte er und was h\u00c3\u00a4tten wir denn davon? \u00e2\u20ac\u201c<\/p>\n<p style=\"text-align: left;\">Unterhalb der Ebene von Politik und Presse tut sich rund um die deutschen Kulturg\u00c3\u00bcter Erstaunliches in Polen. Ich selbst war da. In Schlesien! Nach der Bilderst\u00c3\u00bcrmerei der Nachkriegszeit, in der viele Zeugnisse deutscher Kultur zum Teil gnadenlos beseitigt wurden, sieht man sie nun \u00c3\u00bcberall wiedererstehen. Mit den alten <i>deutschen<\/i> Inschriften. Und sie werden wieder gepflegt! Respekt! Auch wenn manche unwiederbringlich zerst\u00c3\u00b6rte Denkm\u00c3\u00a4ler nie zur\u00c3\u00bcckkehren werden, am Ring in Breslau<a href=\"#_ftn2_7035\" name=\"_ftnref2_7035\">[2]<\/a> und anderswo. Denn an ihrer Stelle stehen nun neue da. In Breslau erinnert z.B. das Denkmal eines polnischen Dichter aus Ostpolen an die ehemalige Heimat der neuen Bewohner von Breslau. Letztlich ist das auch ein Mahnmal der Vertreibung! Dieser Polen hier in Breslau durch Russen.<\/p>\n<p style=\"text-align: left;\">Doch es gibt gerade in Schlesien viele Zeichen der R\u00c3\u00bcckbesinnung auf eine Kultur, die dieses Land einst gepr\u00c3\u00a4gt hat. Und sogar so etwas wie eine stolze Identifikation damit. Pflegen Polen so einst fremdes deutsches Kulturgut nach all ihren eigenen Schmerzen, darf die offenbar schwer unterbelichtete Presse auch mal rump\u00c3\u00b6beln! \u00e2\u20ac\u201c \u00c2\u00a7 2 (siehe oben) hat im Geist und im Herzen von vielen Polen l\u00c3\u00a4ngst seinen Platz, ohne dass immer auf \u00c2\u00a7 1 verwiesen wird.<\/p>\n<p style=\"text-align: left;\">Den Verweis auf \u00c2\u00a7 1 brauchen wir auch von (den) Polen nicht mehr! \u00c2\u00a7 1 ist auch f\u00c3\u00bcr mich gesetzt! Kein Volk der Erde kennt \u00c2\u00a7 1 besser als wir selbst. Kein Volk wei\u00c3\u0178 besser, dass es dazu stehen muss, wenn es gro\u00c3\u0178en Mist gebaut hat, selbst wenn der einzelne nicht daran beteiligt war. Da ben\u00c3\u00b6tigen wir weniger Nachhilfe als \u00c3\u2013sterreicher, die sich den Haider-Rabatt nehmen (Leon Neschle 17). Offenbar sogar weniger Nachhilfe als Polens Presse und Politiker. \u00e2\u20ac\u201c Nur gut dass es auch andere Polen gibt!<\/p>\n<h3 style=\"text-align: left;\"><strong>C. Vertreibung einer \u00e2\u20ac\u017eScheinvertriebenen\u00e2\u20ac\u0153 durch polnische Politiker und Presse<\/strong><\/h3>\n<p style=\"text-align: left;\">(Die) Polen werfen Erika Steinbach auch vor, sie ma\u00c3\u0178e sich an, f\u00c3\u00bcr die Vertriebenen zu sprechen. Sie sei selbst nur eine Scheinvertriebene, weil sie erst mit ihrem Vater nach Polen kam. Und der war Soldat.<\/p>\n<p style=\"text-align: left;\">Liebe Polen! Was ist denn das f\u00c3\u00bcr ein Argument? Ich kann mich doch f\u00c3\u00bcr die Rechte von Kindern einsetzen, ohne selbst noch ein Kind zu sein. Oder f\u00c3\u00bcr die von Afrikanern., ohne selbst einer zu sein. Dadurch werde ich doch nicht zum \u00e2\u20ac\u017eScheinkind\u00e2\u20ac\u0153 oder zum \u00e2\u20ac\u017eScheinschwarzen\u00e2\u20ac\u0153! Und spreche ich mich f\u00c3\u00bcr Tierschutz aus, werde ich erst recht nicht zum \u00e2\u20ac\u017eScheintier\u00e2\u20ac\u0153. Eure ganze Abneigung offenbar ist nur noch gegen die Person gerichtet. Ihr achtet weder darauf, was sie sagt noch wie sie es tut. Noch darauf, was ihr selbst tut.<\/p>\n<p style=\"text-align: left;\">Bedenkt man es genauer, ist Erika Steinbach n\u00c3\u00a4mlich in einem Sinne nun keine Scheinvertriebene mehr. Sie ist tats\u00c3\u00a4chlich <i>vertrieben<\/i> worden aus dem Stiftungsrat des \u00e2\u20ac\u017eZentrums gegen Vertreibungen\u00e2\u20ac\u0153. Vertrieben von der polnischen Presse und Politik, die partout nicht an die Vertreibung der Deutschen aus den <i>polnischen <\/i>(man achte drauf!) Westgebieten erinnert werden wollen. Und wir lassen heute noch solche \u00e2\u20ac\u017eVertreibungen\u00e2\u20ac\u0153 zu? In Deutschland? Durch Polen?<\/p>\n<p style=\"text-align: left;\">Ganz so will sich Frau Steinbach dann doch nicht vertreiben lassen. Ihre Position im Stiftungsrat bleibt demonstrativ frei. Sie will sich die Option offen halten: \u00e2\u20ac\u017eDrei Wochen, drei Monate, drei Jahre &#8211; je nachdem. Das ist ein wunderbares Damoklesschwert&#8220;.<\/p>\n<p style=\"text-align: left;\">Solange bis polnische Politiker und polnische Presse Vernunft angenommen haben? So lange wird niemand warten k\u00c3\u00b6nnen<i>! Solange bis sich bei uns die Ansicht durchgesetzt hat, dass nicht Polen, sondern Deutsche dar\u00c3\u00bcber entscheiden, wie sie ihrer Opfer gedenken?<\/i> Ja, solange! Denn auch die Polen selbst entscheiden souver\u00c3\u00a4n, wie sie ihrer Opfer gedenken. Und die polnischen Opfer des Hitlerschen Unwesen machen (den) Deutschen schlie\u00c3\u0178lich seit langem ein schlechtes Gewissen! Warum verweigern sich die Polen nur so hartn\u00c3\u00a4ckig ihrem eigenen schlechten Gewissen?<\/p>\n<p style=\"text-align: left;\">Frau Steinbach will auch weiter Spenden sammeln f\u00c3\u00bcr das &#8222;Zentrum gegen Vertreibungen&#8220; ihres Verbands und es nicht in die Bundesstiftung &#8222;Flucht, Vertreibung, Vers\u00c3\u00b6hnung&#8220; einbringen. Zus\u00c3\u00a4tzlich zum BdV-Projekt halte sie es f\u00c3\u00bcr erforderlich, dass der Staat \u00e2\u20ac\u017ediese Teile deutscher Geschichte und Schicksale dauerhaft ins Bewusstsein der eigenen Nation\u00e2\u20ac\u0153 einpflanzt.<\/p>\n<p style=\"text-align: left;\"><i>Die nationalsozialistische Expansions- und Vernichtungspolitik soll in jedem Fall als Ursache der Vertreibung der Deutschen dargestellt werden.<\/i> (Die) Polen aber bef\u00c3\u00bcrchten, dass <i>nur <\/i>die Deutschen dort <i>nur<\/i> als Opfer von Vertreibung dargestellt werden, obwohl sie den Krieg als T\u00c3\u00a4ter begonnen haben.<\/p>\n<p style=\"text-align: left;\">Vielleicht w\u00c3\u00a4re es daher besser, wir h\u00c3\u00a4tten nur ein einziges Zentrum gegen <i>alle<\/i> Vertreibungen. Dann jedoch haben wir wohl alle V\u00c3\u00b6lker gegen uns, nicht nur die Polen! \u00e2\u20ac\u201c Welche Hysterie l\u00c3\u00b6st eine solche Erinnerung etwa in der T\u00c3\u00bcrkei aus!<\/p>\n<p style=\"text-align: left;\">Vertreibungen von V\u00c3\u00b6lkern beginnen vor der Vertreibung der Juden aus \u00c3\u201egypten und werden nicht mit den Vertreibungen in Jugoslawien beendet sein. Auch <i>die Vertreibung der Polen aus ihren Ostgebieten<\/i> w\u00c3\u00a4re in einem \u00e2\u20ac\u017eZentrum gegen jegliche V\u00c3\u00b6lkervertreibung\u00e2\u20ac\u0153 vertreten. Glaubt man ihrer Nationalhymne, d\u00c3\u00bcrften (die) Polen da ihrerseits nicht zimperlich sein. Wir erinnern uns: \u00e2\u20ac\u017eNoch ist Polen nicht verloren, solange wir leben. <i>Was uns fremde \u00c3\u0153bermacht nahm, werden wir uns mit dem S\u00c3\u00a4bel zur\u00c3\u00bcckholen.\u00e2\u20ac\u0153 <\/i>Dagegen ist <i>jede<\/i> Aussage von Frau Steinbach ein absolutes Friedensangebot, selbst soweit sie (sicher ohne Wirkung!) Entsch\u00c3\u00a4digung f\u00c3\u00bcr die deutschen Vertreibungs-Opfer (Ja, dazu stehe ich!) einfordert.<\/p>\n<p style=\"text-align: center;\">Von Mutter hab ich polnisch Blut<a href=\"#_ftn3_7035\" name=\"_ftnref3_7035\">[3]<\/a><\/p>\n<p style=\"text-align: center;\">und finde es daher nicht gut,<\/p>\n<p style=\"text-align: center;\">wenn jemand mit demselben Saft<\/p>\n<p style=\"text-align: center;\">nicht einmal nachzudenken schafft.<\/p>\n<p style=\"text-align: center;\">Und in mir selbst da ist vereint,<\/p>\n<p style=\"text-align: center;\">was Polen nicht zu passen scheint.<\/p>\n<p style=\"text-align: center;\">(Man achte auf den \u00e2\u20ac\u017efeinen\u00e2\u20ac\u0153 Doppelsinn!)<\/p>\n<p style=\"text-align: center;\">\n<p style=\"text-align: center;\">Und Polen drohen unverhohlen,<\/p>\n<p style=\"text-align: center;\">zur\u00c3\u00bcckzuholen was gestohlen.<\/p>\n<p style=\"text-align: center;\">Mit S\u00c3\u00a4bel oder mit dem Schwert<a href=\"#_ftn4_7035\" name=\"_ftnref4_7035\">[4]<\/a>,<\/p>\n<p style=\"text-align: center;\">doch wehe, wenn dann umgekehrt<\/p>\n<p style=\"text-align: center;\">ein anderer einen Anspruch macht,<\/p>\n<p style=\"text-align: center;\">der wird verspottet und verlacht.<\/p>\n<p style=\"text-align: center;\">\n<p style=\"text-align: center;\">Und wenn die Presse st\u00c3\u00a4ndig hetzt<\/p>\n<p style=\"text-align: center;\">und w\u00c3\u00bctend ihre Messer wetzt,<\/p>\n<p style=\"text-align: center;\">kann\u00e2\u20ac\u2122s selbst der kleine Mann nicht lassen,<\/p>\n<p style=\"text-align: center;\">das Presseopfer auch zu hassen,<\/p>\n<p style=\"text-align: center;\">wobei die eigene Vernunft<\/p>\n<p style=\"text-align: center;\">reisk\u00c3\u00b6rnchengro\u00c3\u0178 zusammenschrumpft.<\/p>\n<p style=\"text-align: center;\">\n<p style=\"text-align: center;\">Verleumderisches wird geschrieben,<\/p>\n<p style=\"text-align: center;\">Erika aus dem Amt vertrieben.<\/p>\n<p style=\"text-align: center;\">Polnische Hetzjagd, die spricht Hohn,<\/p>\n<p style=\"text-align: center;\">dem Titel als Kulturnation.<\/p>\n<p style=\"text-align: center;\">Und damit wird zu guter Letzt<\/p>\n<p style=\"text-align: center;\">Frau Steinbachs Einfluss \u00c3\u00bcbersch\u00c3\u00a4tzt.<\/p>\n<p style=\"text-align: center;\">\n<p style=\"text-align: center;\">Die Messe, die ist l\u00c3\u00a4ngst gelesen,<\/p>\n<p style=\"text-align: center;\">doch Deutschland ist es einst <i>gewesen<\/i>.<\/p>\n<p style=\"text-align: center;\">In Schlesien<a href=\"#_ftn5_7035\" name=\"_ftnref5_7035\">[5]<\/a> man kann\u00e2\u20ac\u2122s es noch be\u00c3\u00a4ugen,<\/p>\n<p style=\"text-align: center;\">davon sehr viele Bauten zeugen.<\/p>\n<p style=\"text-align: center;\">Einfache Polen l\u00c3\u00a4ngst bekennen,<\/p>\n<p style=\"text-align: center;\">wo sich Politiker verrennen.<\/p>\n<hr align=\"left\" size=\"1\" width=\"33%\">\n<p style=\"text-align: left;\"><a href=\"#_ftnref1_7035\" name=\"_ftn1_7035\">[1]<\/a>: Zwischen 18 und den Initialen Hitlers (AH) stellen manche eine Verbindung her, weil A und H der erste und der achte Buchstabe im Alphabet sind. Der FDP versuchte man etwa bei ihrer Kampagne um 18 Prozent W\u00c3\u00a4hlerstimmen einen nationalistischen Ruck zu unterstellen.<\/p>\n<p style=\"text-align: left;\"><a href=\"#_ftnref2_7035\" name=\"_ftn2_7035\">[2]<\/a> Sollte sich ein Pole \u00c3\u00bcber \u00e2\u20ac\u017eBreslau\u00e2\u20ac\u0153 erregen, wie das zuweilen vorkommt, kann ich nur sagen. Liebe Polen: Ihr d\u00c3\u00bcrft zu dieser Stadt sagen, was ihr wollt. Ich sage \u00e2\u20ac\u017eBreslau\u00e2\u20ac\u0153. Denn ich kenne gen\u00c3\u00bcgend Angelsachsen, die sagen \u00e2\u20ac\u017eCologne\u00e2\u20ac\u0153 statt \u00e2\u20ac\u017eK\u00c3\u00b6ln\u00e2\u20ac\u0153, und Italiener, die sagen \u00e2\u20ac\u017eMonaco\u00e2\u20ac\u0153 statt \u00e2\u20ac\u017eM\u00c3\u00bcnchen\u00e2\u20ac\u0153 und die mit \u00e2\u20ac\u017eFranco-Forte\u00e2\u20ac\u0153 witzeln \u00c3\u00bcber den italienischen Namen von Frankfurt. Selbst die Niederl\u00c3\u00a4nder regen sich nicht auf, wenn ich \u00e2\u20ac\u017eNimwegen\u00e2\u20ac\u0153 statt \u00e2\u20ac\u017eNijmegen\u00e2\u20ac\u0153 sage oder \u00e2\u20ac\u017eArnheim\u00e2\u20ac\u0153 statt \u00e2\u20ac\u017eArnhem\u00e2\u20ac\u0153. Niemand nimmt dabei an, dass mit der eigenen Bezeichnung auch ein gebietsrechtlicher Anspruch erhoben wird. Nun seid doch mal so gelassen, wie ansonsten alle Welt.<\/p>\n<p style=\"text-align: left;\"><a href=\"#_ftnref3_7035\" name=\"_ftn3_7035\">[3]<\/a> Meine Gro\u00c3\u0178eltern m\u00c3\u00bctterlicherseits sind dereinst aus der Gegend von Thorn, der Heimatstadt von Kopernikus, ins Ruhgebiet eingewandert. Aus den Erz\u00c3\u00a4hlungen meiner Verwandten wei\u00c3\u0178 ich, dass sie sich schon in Thorn trotz des Nachnamens \u00e2\u20ac\u017eSadowski\u00e2\u20ac\u0153 stets als Deutsche f\u00c3\u00bchlten. Doch ein Teil ihrer Vettern und Nichten betrachteten sich als Polen. \u00e2\u20ac\u201c Was ist da eigentlich ein Pole oder ein Deutscher? Und was ein Amerikaner, der deutsche, polnische oder irische Wurzeln hat?<\/p>\n<p style=\"text-align: left;\"><a href=\"#_ftnref4_7035\" name=\"_ftn4_7035\">[4]<\/a> In der alten Fassung der Nationalhymne hie\u00c3\u0178 es ausdr\u00c3\u00bccklich: \u00e2\u20ac\u017eDer Deutsche und der Moskauer werden sich nicht ansiedeln, denn wir nehmen unseren Palasch (s\u00c3\u00a4belartiges Schwert), unsere Devise ist der Einklang sowie unser Vaterland.\u00e2\u20ac\u0153 Oder auf polnisch: \u00e2\u20ac\u017eNiemiec, Moskal nieosi\u00c4\u2122dzie, gdy i\u00c4\u2026wszy pa\u00c5\u201aasza, has\u00c5\u201aem wszystkich zgoda b\u00c4\u2122dzie jak ojczyzna nasza.\u00e2\u20ac\u0153<\/p>\n<p style=\"text-align: left;\"><a href=\"#_ftnref5_7035\" name=\"_ftn5_7035\">[5]<\/a> Die Familie meiner Frau wurde aus Glatz in Schlesien vertrieben. Das meiste Unrecht wurde ihr dabei nicht von Polen, sondern von Russen zugef\u00c3\u00bcgt. Die machten Platz f\u00c3\u00bcr ihre Okkupation des polnischen Ostens. Wir vergessen das nicht, aber haben es l\u00c3\u00a4ngst vergeben und uns mit den Folgen abgefunden.<\/p>\n<p><a title=\"PDF-Datei\" href=\"http:\/\/www.neschle.de\/download-manager.php?id=137\">PDF-Datei<\/a><br \/>\nThis post was downloaded by <!--downloads(137)--> people until now.<\/p>\n","protected":false},"excerpt":{"rendered":"<p>Schon wieder eine Vertreibung? Ich habe mich nie meiner polnischen Wurzeln gesch\u00c3\u00a4mt. Jetzt ja! (Neschle) Die Pr\u00c3\u00a4sidentin des Bundes der Vertriebenen(BdV), Erika Steinbach, ist zur\u00c3\u00bcckgetreten von ihrer Mitgliedschaft im Stiftungsrat des \u00e2\u20ac\u017eZentrums gegen Vertreibungen\u00e2\u20ac\u0153. Aber sie hat nicht zur\u00c3\u00bcckgetreten. Zum Gl\u00c3\u00bcck! Dass die Erika nach der Hetzkampagne aus Polen nicht zur\u00c3\u00bcckgetreten hat, sollte (die) Polen &hellip; <\/p>\n<p class=\"link-more\"><a href=\"https:\/\/neschle.de\/index.php\/blog\/leon-neschle-55-11-woche-2009\/\" class=\"more-link\"><span class=\"screen-reader-text\">\u201eLeon Neschle 55 (11. Woche 2009)\u201c <\/span>weiterlesen<\/a><\/p>\n","protected":false},"author":2,"featured_media":0,"comment_status":"open","ping_status":"closed","sticky":false,"template":"","format":"standard","meta":{"footnotes":""},"categories":[4,6],"tags":[14,11,21],"class_list":["post-423","post","type-post","status-publish","format-standard","hentry","category-blog","category-essays","tag-gesellschaft","tag-politik","tag-staat"],"_links":{"self":[{"href":"https:\/\/neschle.de\/index.php\/wp-json\/wp\/v2\/posts\/423","targetHints":{"allow":["GET"]}}],"collection":[{"href":"https:\/\/neschle.de\/index.php\/wp-json\/wp\/v2\/posts"}],"about":[{"href":"https:\/\/neschle.de\/index.php\/wp-json\/wp\/v2\/types\/post"}],"author":[{"embeddable":true,"href":"https:\/\/neschle.de\/index.php\/wp-json\/wp\/v2\/users\/2"}],"replies":[{"embeddable":true,"href":"https:\/\/neschle.de\/index.php\/wp-json\/wp\/v2\/comments?post=423"}],"version-history":[{"count":1,"href":"https:\/\/neschle.de\/index.php\/wp-json\/wp\/v2\/posts\/423\/revisions"}],"predecessor-version":[{"id":1005,"href":"https:\/\/neschle.de\/index.php\/wp-json\/wp\/v2\/posts\/423\/revisions\/1005"}],"wp:attachment":[{"href":"https:\/\/neschle.de\/index.php\/wp-json\/wp\/v2\/media?parent=423"}],"wp:term":[{"taxonomy":"category","embeddable":true,"href":"https:\/\/neschle.de\/index.php\/wp-json\/wp\/v2\/categories?post=423"},{"taxonomy":"post_tag","embeddable":true,"href":"https:\/\/neschle.de\/index.php\/wp-json\/wp\/v2\/tags?post=423"}],"curies":[{"name":"wp","href":"https:\/\/api.w.org\/{rel}","templated":true}]}}