{"id":1566,"date":"2021-01-31T11:00:25","date_gmt":"2021-01-31T10:00:25","guid":{"rendered":"https:\/\/neschle.de\/?p=1566"},"modified":"2021-01-31T11:04:38","modified_gmt":"2021-01-31T10:04:38","slug":"1566","status":"publish","type":"post","link":"https:\/\/neschle.de\/index.php\/blog\/1566\/","title":{"rendered":"Leon Neschle<sup>&copy;<\/sup>"},"content":{"rendered":"\n<h2 class=\"wp-block-heading\"><span style=\"color:#4f81bd\" class=\"tadv-color\"><strong>Das Buch der Spr\u00c3\u00bcche<\/strong>: <strong>Teil 27<\/strong><\/span><\/h2>\n\n\n\n<p class=\"wp-block-paragraph\">L\u00c3\u00bcgen sind ein stilles Kompliment an die \u00c3\u0153berlegenheit des anderen.<\/p>\n\n\n\n<p class=\"wp-block-paragraph\">Ich habe nicht gekotzt. Ich habe einen Wurstr\u00c3\u00bcckruf gestartet. Im letzten Moment!<\/p>\n\n\n\n<p class=\"wp-block-paragraph\">Es sind wieder Ferien in NRW. Da bleibt das Klima am Freitag ungerettet.<\/p>\n\n\n\n<!--more-->\n\n\n\n<p class=\"wp-block-paragraph\">Sparen ist oft zu teuer. Jetzt sogar beim Geld. (Negativzinsen)<\/p>\n\n\n\n<p class=\"wp-block-paragraph\">Wenn ich bedenke, was durch Alkohol alles haltbar gemacht wird, trinke ich sicher viel zu wenig.<\/p>\n\n\n\n<p class=\"wp-block-paragraph\">RP: \u00e2\u20ac\u017eDas Gute steht unter Verdacht\u00e2\u20ac\u0153: Indiz: Schimpfwort &#8222;Gutmensch&#8220;. \u00e2\u20ac\u201c Dabei steht nicht das Gute unter Verdacht, sondern der Mensch, der sich zum moralischen Ma\u00c3\u0178stab f\u00c3\u00bcr alle anderen macht und Moral durch die verlogene Etikette politischer Korrektheit ersetzt. Der w\u00c3\u00a4hnt jede Kritik an seiner Haltung als Angriff auf das Gute selbst. Dabei geht es um die ironische Frage: Wer sch\u00c3\u00bctzt das Gute vor den \u00e2\u20ac\u017eGutmenschen\u00e2\u20ac\u0153?&nbsp;<\/p>\n\n\n\n<p class=\"wp-block-paragraph\">Die Greta-Witze von Dieter Nuhr waren nicht der Hammer. Aber die Re-Aktivisten, die nun Auftritts- oder Sendeverbot f\u00c3\u00bcr ihn fordern, zeigen wie wenig hirngesteuert der Greta-Kult ist, wie humorlos und welch ein Killer f\u00c3\u00bcr das Polit-Klima. Das erinnert an die Kinderkreuzz\u00c3\u00bcge.<\/p>\n\n\n\n<p class=\"wp-block-paragraph\">Da schreibt mir eine Redaktion, \u00e2\u20ac\u017eaus Platzgr\u00c3\u00bcnden\u00e2\u20ac\u0153 werde mein Kommentar vielleicht nicht ver\u00c3\u00b6ffentlicht. Meine Reaktion: &#8222;\u00e2\u20ac\u02dcaus Platzgr\u00c3\u00bcnden\u00e2\u20ac\u02dc ist genauso fadenscheinig wie \u00e2\u20ac\u0161aus Zeitgr\u00c3\u00bcnden\u00e2\u20ac\u02dc. Wem beschr\u00c3\u00a4nkter Platz oder beschr\u00c3\u00a4nkte Zeit zur Verf\u00c3\u00bcgung steht, der setzt notwendig Priorit\u00c3\u00a4ten. Der hat nur keinen Platz oder keine Zeit DAF\u00c3\u0153R. F\u00c3\u00bcr anderes gilt es ja gerade nicht. Warum dieser Schmu?\u00e2\u20ac\u0153<\/p>\n\n\n\n<p class=\"wp-block-paragraph\">Viele Leute wissen, worauf sich Kritik an Greta und Hass auf sie gr\u00c3\u00bcnden. Auf Sexismus und Rassismus. Es gibt ja nur noch diese beiden Erkl\u00c3\u00a4rungsmuster. Doch wer sich bei Greta eine Frau vorstellt, muss p\u00c3\u00a4dophil sein, und wer Rassismus verantwortlich macht, kann keinen \u00e2\u20ac\u017enormalen Rassisten\u00e2\u20ac\u0153 meinen, obwohl es den ohnehin nicht gibt.&nbsp;<\/p>\n\n\n\n<p class=\"wp-block-paragraph\">Fr\u00c3\u00bcher haben die Leute bei Reden ein \u00e2\u20ac\u017e\u00c3\u00a4\u00c3\u00a4\u00c3\u00a4h\u00e2\u20ac\u0153 dazwischengeschoben. Heute sind es ganze Wortdreimaster: \u00e2\u20ac\u017eam Ende des Tages\u00e2\u20ac\u0153, \u00e2\u20ac\u017ean dieser Stelle\u00e2\u20ac\u0153, \u00e2\u20ac\u017edort eben\u00e2\u20ac\u0153 oder \u00e2\u20ac\u017eeben dort\u00e2\u20ac\u0153, \u00e2\u20ac\u017eein St\u00c3\u00bcck weit\u00e2\u20ac\u0153 oder \u00c3\u201ehnliches. Da war \u00e2\u20ac\u017e\u00c3\u00a4\u00c3\u00a4\u00c3\u00a4h\u00e2\u20ac\u0153 dort eben an dieser Stelle am Ende des Tages ein St\u00c3\u00bcck weit besser. Denn oft ist es tats\u00c3\u00a4chlich hier uneben an anderem Ort am Schluss des Jahrzehnts und Dutzende Meilen weit entfernt.<\/p>\n\n\n\n<p class=\"wp-block-paragraph\">Ich lese \u00e2\u20ac\u017eMuttertag\u00e2\u20ac\u0153, einen Krimi von Nele Neuhaus (S.86): \u00e2\u20ac\u017eDie Anonymit\u00c3\u00a4t des Internets f\u00c3\u00b6rderte Perversionen und Gleichg\u00c3\u00bcltigkeit in einem Ausma\u00c3\u0178, das es fr\u00c3\u00bcher so nicht gegeben hatte. Aber mussten nicht wenigstens die n\u00c3\u00a4chsten Angeh\u00c3\u00b6rigen und Freunde bemerken, wenn jemand zum M\u00c3\u00b6rder wurde?\u00e2\u20ac\u0153 Da musste ich an den Attent\u00c3\u00a4ter von Halle denken und die Aussage seines Vaters.<\/p>\n\n\n\n<p class=\"wp-block-paragraph\">Die Selfie- und Gef\u00c3\u00a4llt-mir-(nicht)-Generation will allzu oft zum Gesetz f\u00c3\u00bcr andere erheben, was ihr selbst gef\u00c3\u00a4llt oder nicht. Selbstverliebtheit und Liberalit\u00c3\u00a4t passen eben nicht gut zusammen.&nbsp;<\/p>\n\n\n\n<p class=\"wp-block-paragraph\">Fr\u00c3\u00bcher war es verp\u00c3\u00b6nt, anderen den R\u00c3\u00bccken zuzudrehen oder zu sagen: ICH und mein Bruder. Gegen die Egozentrik musste es hei\u00c3\u0178en: Mein Bruder und ich. \u00e2\u20ac\u201c Heute sagen alle Selfies (mehr als tausend Worte!): ICH und alle anderen, ICH und das Universum. Und mit dem umgedrehten R\u00c3\u00bccken und iPhone: Leckt mich \u00e2\u20ac\u00a6.!<\/p>\n\n\n\n<p class=\"wp-block-paragraph\">Presse: \u00e2\u20ac\u017eImmer mehr R\u00c3\u00bcckrufe \u00e2\u20ac\u201c ein gef\u00c3\u00a4hrlicher Trend bei Lebensmitteln\u00e2\u20ac\u0153. \u00e2\u20ac\u201c Da verwechselt ein kluger Journalist Ursache und Wirkung. Der gef\u00c3\u00a4hrliche Trend sind nicht die R\u00c3\u00bcckrufe, sondern die ansteigende Gef\u00c3\u00a4hrdung durch Lebensmittel. Also bitte weiter R\u00c3\u00bcckrufe!<\/p>\n\n\n\n<p class=\"wp-block-paragraph\">Als Student las ich eine Glosse \u00c3\u00bcber G\u00c3\u00bcterqualit\u00c3\u00a4t. Da versuchte ein sowjetischer Mann sich umzubringen. Aber die Pistole versagte, der Stuhl brach, das Seil riss, \u00e2\u20ac\u00a6.. Ermattet von den vergeblichen Selbstmordversuchen beschloss er deren Ende und a\u00c3\u0178 ein Butterbrot mit Leberwurst. Da endlich klappte es: Er ging j\u00c3\u00a4mmerlich zugrunde. \u00e2\u20ac\u201c Diesem Zustand n\u00c3\u00a4hern wir uns derzeit auch hier an.<\/p>\n\n\n\n<p class=\"wp-block-paragraph\">Gutmenschen glauben, alles korrekt zu machen, wenn sie Leute so benennen, wie die es selbst tun. In ihrer Welt gibt es Inuit, Sinti, Roma, Aktivisten und Basisdemokraten, keine Eskimos oder Zigeuner. Dabei ist nicht jeder Eskimo Inuit, nicht jeder Zigeuner Sinti oder Roma (ganze V\u00c3\u00b6lker werden ausgegrenzt!), mancher Aktivist eher passiv und bei Basisdemokraten hat vieles eine Basis, nur nicht die Demokratie.<\/p>\n\n\n\n<p class=\"wp-block-paragraph\">Das Alter ist das Spiegelbild der Kindheit. Alles ist verdreht. In der Kindheit haben die \u00c3\u00a4lteren Geschwister auf die j\u00c3\u00bcngeren aufgepasst, im Alter ist das umgekehrt.<\/p>\n\n\n\n<p class=\"wp-block-paragraph\">Wieder Zeit f\u00c3\u00bcr Kost\u00c3\u00bcmalarm! Zu Halloween keine unkorrekten Kost\u00c3\u00bcme. Die k\u00c3\u00b6nnten bei einzelnen Angeh\u00c3\u00b6rigen einer Minderheit oder Mehrheit (nur bei Frauen!) ein Gef\u00c3\u00bchl der Diskriminierung ausl\u00c3\u00b6sen. Mein Tipp: Die Sachen vom Oktoberfest noch einmal anziehen. Kein Neo-Puritaner hat sich \u00c3\u00bcber Chinesen in Lederhosen aufgeregt und erschrecken kann man damit besser als im Gespensterkost\u00c3\u00bcm. Na dann spa\u00c3\u0178befreites Halloween!<\/p>\n\n\n\n<p class=\"wp-block-paragraph\">KI hei\u00c3\u0178t nicht nur K\u00c3\u00bcnstliche Intelligenz, sondern auch Kalte Intelligenz.<\/p>\n\n\n\n<p class=\"wp-block-paragraph\">Schaue gerade \u00e2\u20ac\u017eBauer sucht Frau\u00e2\u20ac\u0153 und denke: \u00e2\u20ac\u0161Niemand muss doch mit Gewalt eine Frau haben!\u00e2\u20ac\u02dc und als ich den Bauern sehe \u00e2\u20ac\u0161Oder einen Mann!\u00e2\u20ac\u02dc<\/p>\n\n\n\n<p class=\"wp-block-paragraph\">\u00e2\u20ac\u017eImmer mehr Gr\u00c3\u00bcnder weiblich\u00e2\u20ac\u0153 schreibt die RP. Der Anteil weiblicher Unternehmensgr\u00c3\u00bcnder ist von 13% (2015) auf 15,7% (2019) gestiegen, um 0,7% pro Jahr. Ginge das Wachstum so weiter, w\u00c3\u00a4ren wir erst in \u00c3\u00bcber 50 Jahren da, wo schon heute die \u00e2\u20ac\u017egendergerechten\u00e2\u20ac\u0153 Forderungen stehen: bei 50% der Vorstands- und Aufsichtsratsmandate.<\/p>\n\n\n\n<p class=\"wp-block-paragraph\">Populismus nach Scholz \u00e2\u20ac\u017eKeine Steuervorteile f\u00c3\u00bcr M\u00c3\u00a4nnervereine\u00e2\u20ac\u0153 \u00e2\u20ac\u201c Und was ist mit Frauenvereinen? So mancher Sch\u00c3\u00bctzenverein hat eine h\u00c3\u00b6here Frauenquote als die SPD (32%). Und warum sollte eine Selbsthilfegruppe Prostata Frauen oder eine Frauengruppe f\u00c3\u00bcr Vergewaltigungsopfer M\u00c3\u00a4nner aufnehmen? Welch ein Quatsch!<\/p>\n\n\n\n<p class=\"wp-block-paragraph\">S\u00c3\u00bcddeutsche \u00e2\u20ac\u017ePlug-in-Hybride \u00e2\u20ac\u201c Alles nur \u00c3\u00b6kologischer Etikettenschwindel. Ob die Autos wirklich sparsam bewegt werden, interessiert nicht.\u00e2\u20ac\u0153 \u00e2\u20ac\u201c Immer das Schlechteste annehmen: Jeder nutzt nur die Steuervorteile, sonst tankt er Sprit. Das muss kontrolliert werden! Dass die meisten das Auto kaufen, weil sie einen Stromausfall im Stau bef\u00c3\u00bcrchten und mehr Sicherheit suchen, interessiert nicht.<\/p>\n\n\n\n<p class=\"wp-block-paragraph\">Politisch korrekt im Computerladen: Ich: Ich brauche Druckerpatronen. Schwarze. \u00e2\u20ac\u201c Verk\u00c3\u00a4ufer: \u00e2\u20ac\u017eSchwarze\u00e2\u20ac\u0153 sagt man nicht mehr. \u00e2\u20ac\u201c Ich: Also gut! Farbige. Aber Farbige brauche ich auch noch.<\/p>\n\n\n\n<p class=\"wp-block-paragraph\">Kommentator nach der ersten Halbzeit: \u00e2\u20ac\u017eEs fehlt bei der deutschen Mannschaft der finale Abschluss.\u00e2\u20ac\u0153 \u00e2\u20ac\u201c Daf\u00c3\u00bcr gibt es auch schon in der historischen Vergangenheit jede Menge exemplarische Beispiele.&nbsp;<\/p>\n\n\n\n<p class=\"wp-block-paragraph\">focus.de: \u00e2\u20ac\u017eMega-Beschleunigung: Hier rast Teslas Cyber-Truck einem Porsche m\u00c3\u00bchelos davon (Video) \u00e2\u20ac\u201c Ach so! Darum geht es also bei der E-Mobilit\u00c3\u00a4t!? Und ich Esel dachte, das hat was mit Klimaschutz zu tun.<\/p>\n\n\n\n<p class=\"wp-block-paragraph\">Wer Tatsachen verdrehen will, muss sie eigentlich kennen. Doch Trump schafft das auch so.&nbsp;<\/p>\n\n\n\n<p class=\"wp-block-paragraph\">Ich bin \u00c3\u00bcberzeugt davon, dass kaum einem unserer Klimaaktivisten bewusst ist, dass ein einziger Ausbruch eines der gro\u00c3\u0178en Vulkane die Erde in einen vulkanischen Winter st\u00c3\u00bcrzen und alle Folgen der Klimaerw\u00c3\u00a4rmung mit einem Schlag beenden kann.<\/p>\n\n\n\n<p class=\"wp-block-paragraph\">Das Papierlose B\u00c3\u00bcro: Bei mir l\u00c3\u00a4ngst Realit\u00c3\u00a4t. Ich habe so viel Papierkram, dass ich ihn aus meinem B\u00c3\u00bcro auslagern musste.<\/p>\n\n\n\n<p class=\"wp-block-paragraph\">Fango ahead: Liegen Sie lieber auf dem Bauch oder auf dem R\u00c3\u00bccken? \u00e2\u20ac\u201c Ich: Auf dem R\u00c3\u00bccken,&nbsp;<em>wenn es mein eigener ist<\/em>.<\/p>\n\n\n\n<p class=\"wp-block-paragraph\">Fr\u00c3\u00bcher feierte man Retter nach der Rettung. Heute feiern Klima-Retter sich selbst, noch bevor sie mit der Rettung angefangen haben und bevor sie wissen, ob und wie die Rettung geht. Aber sie glauben fest daran. Und allein ihr Glaube versetzt Berge von Milliarden Euro.<\/p>\n\n\n\n<p class=\"wp-block-paragraph\">Sind Prognosen \u00c3\u00bcber den Klimawandel wissenschaftlich (Greta fordert das!), dann M\u00c3\u0153SSEN sie an Pr\u00c3\u00a4missen gebunden sein. Doch Presse und Klimafanatiker lassen die Pr\u00c3\u00a4missen weg und machen aus Prognosen Prophezeiungen \u00c3\u00a0 la Nostradamus. Dabei reicht ein \u00e2\u20ac\u017eunerwartet\u00e2\u20ac\u0153 gro\u00c3\u0178er Vulkanausbruch und wir bekommen Sch\u00c3\u00bcttelfrost statt Hitzewallungen. Das muss man wissen und zuweilen auch erw\u00c3\u00a4hnen.<\/p>\n\n\n\n<p class=\"wp-block-paragraph\">Wer nicht aus sich herauskommt, will oft keinen bei sich hereinlassen.<\/p>\n\n\n\n<p class=\"wp-block-paragraph\">Gl\u00c3\u00bcck kann jeder haben. Aber Erfolg?<\/p>\n\n\n\n<p class=\"wp-block-paragraph\">Eine oft vernachl\u00c3\u00a4ssigte Form des Rassismus ist der kulinarische. Man lehnt ab, ja probiert nicht mal, was andere Kulturen essen. Da ist der Deutsche weniger rassistisch als man denkt und isst syrisch, marokkanisch, griechisch, libanesisch, chinesisch oder vietnamesisch. Man erz\u00c3\u00a4hlt sogar von AfD-Leuten an der D\u00c3\u00b6ner-Bude!<\/p>\n\n\n\n<p class=\"wp-block-paragraph\">Titelzeile \u00e2\u20ac\u017eW\u00c3\u00a4rmstes Jahrzehnt der Geschichte\u00e2\u20ac\u0153 \u00e2\u20ac\u201c Die Erde ist circa 4,6 Milliarden Jahre alt; die Wetteraufzeichnungen maximal 238 Jahre. In der Kreidezeit etwa war die Erde ein Treibhaus mit etwa 9 Grad mehr als heute. Also sch\u00c3\u00b6n ehrlich bleiben, sonst frisst Euch bald ein Saurier!&nbsp;<\/p>\n\n\n\n<p class=\"wp-block-paragraph\">Klimasch\u00c3\u00bctzer demonstrieren f\u00c3\u00bcr mehr Regulierung. \u00e2\u20ac\u201c Bringt das mehr Klimaschutz? Antr\u00c3\u00a4ge und Genehmigungen f\u00c3\u00bcr ein Windrad f\u00c3\u00bcllen mehrere Aktenschr\u00c3\u00a4nke, verz\u00c3\u00b6gern Projekte f\u00c3\u00bcr Monate oder Jahre. Das ist die Praxis, die ich kenne.&nbsp;<\/p>\n\n\n\n<p class=\"wp-block-paragraph\">Titelzeile im Handelsblatt \u00e2\u20ac\u017eEin Chip, der Gehirnfunktionen imitiert&nbsp;\u00e2\u20ac\u201c&nbsp;und KI zum Durchbruch verhelfen k\u00c3\u00b6nnte.\u00e2\u20ac\u0153 \u00e2\u20ac\u201c Achtung! Es gibt mehr falsche als richtige Gehirne. Hoffentlich imitiert der Chip das richtige Gehirn und nicht eins, das Gedankenstriche an die falsche Stelle setzt.<\/p>\n\n\n\n<p class=\"wp-block-paragraph\">Die RP titelt \u00e2\u20ac\u017eWoody Allen: Darf man Filme des umstrittenen Regisseurs noch schauen?\u00e2\u20ac\u0153 \u00e2\u20ac\u201c Darf man noch in der T\u00c3\u00bcrkei Urlaub machen? Klar DARF man, aber ich tue beides nicht. Doch ich nehme mir auch nicht die Freiheit, anderen die Freiheit nehmen zu wollen. Damit liege ich offenbar nicht im Trend.<\/p>\n\n\n\n<p class=\"wp-block-paragraph\">\u00e2\u20ac\u017eKlimaaktivist\u00e2\u20ac\u0153 ist f\u00c3\u00bcr mich jemand, der im Klimaschutz aktiv ist: einer, der D\u00c3\u00a4mmstoffe oder Energiespeicher entwickelt und verbaut oder Erneuerbare Energien erzeugt und damit versorgt. Jemand, der nur demonstriert und sich wegtragen l\u00c3\u00a4sst, ist trotz anderer Selbsteinsch\u00c3\u00a4tzung ein Klimapassivist. Die wahren Helden sind die Ersteren. Warum will unsere ach so \u00e2\u20ac\u017ekritische\u00e2\u20ac\u0153 Presse das nicht begreifen?<\/p>\n\n\n\n<p class=\"wp-block-paragraph\">Pisa verstehe ich nicht! Deutsche Sch\u00c3\u00bcler, die ich kenne, wurden nach Tests im Ausland nie pisagerecht&nbsp;<em>herab<\/em>gestuft, sondern meist&nbsp;<em>hoch<\/em>gestuft, zum Teil sogar zwei Klassen. Mittelm\u00c3\u00a4\u00c3\u0178ige Studenten an meinen Unis kamen mit Bestnoten und \u00e2\u20ac\u017eBest-in-Class-Awards\u00e2\u20ac\u0153 aus den USA zur\u00c3\u00bcck. Entweder frisiert da jemand die Statistik oder au\u00c3\u0178erhalb meiner Stichprobe zieht jemand den Schnitt der Pisa-Studien nach unten.<\/p>\n\n\n\n<p class=\"wp-block-paragraph\">Pendlerpauschale weg, Sprit bis zu 70 Cent teurer. Sch\u00c3\u00b6n, was sich das Umweltbundesamt da ausgedacht hat! Ohne jede R\u00c3\u00bccksicht auf die Mobilit\u00c3\u00a4t der l\u00c3\u00a4ndlichen Bev\u00c3\u00b6lkerung. Klar! Die Leute vom Amt sitzen in der Stadt und machen den Nahverkehr billiger. Und nat\u00c3\u00bcrlich trifft das die Armen st\u00c3\u00a4rker als die Reichen. Da sind Aufst\u00c3\u00a4nde vorprogrammiert: Stadt gegen Land, Reich gegen Arm.<\/p>\n\n\n\n<p class=\"wp-block-paragraph\">70 Cent mehr f\u00c3\u00bcr Sprit: F\u00c3\u00bcr diese \u00e2\u20ac\u017eL\u00c3\u00b6sung\u00e2\u20ac\u0153 braucht es die Intelligenz eines Putzlappens, den Horizont einer knienden Waldameise und das Hirn des Umweltweltbundesamtes. Gut um Probleme zu versch\u00c3\u00a4rfen: Landflucht, Chaos in den St\u00c3\u00a4dten und bei der Bahn, \u00c3\u2013ffnung der Schere zwischen Arm und Reich, Land und Stadt, Politikverdrossenheit und Dahinsiechen des Standorts Deutschland. Klimawirkung?<\/p>\n\n\n\n<p class=\"wp-block-paragraph\">Die Diskussion um Umweltschutz ist stadtgesteuert. Das Land soll die Lasten tragen. Das Problem aber sind die St\u00c3\u00a4dte: Der (Land-)Kreis Kleve erzeugt so viel Energie aus Photovoltaik wie zehn St\u00c3\u00a4dte: K\u00c3\u00b6ln. Bochum, Duisburg, D\u00c3\u00bcsseldorf, Essen, Gelsenkirchen, Herne, Krefeld, M\u00c3\u00bchlheim\/Ruhr und Oberhausen zusammen (PV-Atlas 2018). \u00c3\u201ehnlich bei Windkraft. Vorreiter sind ausgerechnet die von den Gr\u00c3\u00bcnen so oft gescholtenen Bauern.<\/p>\n\n\n\n<p class=\"wp-block-paragraph\">Es ist wie einst beim Ablass. Nur wer sehr reich ist, kann sich ein gutes Klima-Gewissen kaufen und echt gr\u00c3\u00bcn werden.&nbsp;<\/p>\n\n\n\n<p class=\"wp-block-paragraph\">Hunderttausend demonstrieren in Madrid f\u00c3\u00bcr mehr Klimaschutz. Und ich b\u00c3\u00b6ser Geist wundere mich, wie die alle \u00e2\u20ac\u017eklimaneutral\u00e2\u20ac\u0153 nach Madrid hingekommen sind.&nbsp;<\/p>\n\n\n\n<p class=\"wp-block-paragraph\">Gespr\u00c3\u00a4ch mit \u00e2\u20ac\u017egewollten\u00e2\u20ac\u0153 Klimasch\u00c3\u00bctzer. Er forderte Wasserstoff, hatte aber keine Ahnung von dessen Produktion, Transport, Vertrieb oder \u00c3\u2013kobilanz: nicht vom grauen oder gr\u00c3\u00bcnen. Er wusste nur: Ich will Wasserstoff, und erst auf Nachfrage: ohne CO<sub>2<\/sub>. Er hatte geh\u00c3\u00b6rt, dass es den gibt.<\/p>\n\n\n\n<p class=\"wp-block-paragraph\">In Vilshofen gibt es jetzt gr\u00c3\u00bcne Hausnummern. Doch nur f\u00c3\u00bcr \u00e2\u20ac\u017enachhaltige Haushalte\u00e2\u20ac\u0153! \u00e2\u20ac\u201c Das ist der Einstieg in ein Sozialkreditsystem a la China und Zeichen sozialer Ausgrenzung aller \u00e2\u20ac\u017eNichtgr\u00c3\u00bcnen\u00e2\u20ac\u0153. Dabei werden gerade von Seiten der Gr\u00c3\u00bcnen immer wieder Diskriminierungsverbote gefordert. Aber wohl nicht f\u00c3\u00bcr die eigene Ideologie!?<\/p>\n\n\n\n<p class=\"wp-block-paragraph\">Der Politiker: Ich h\u00c3\u00b6re ihn. Doch wie kann ich wissen, was er denkt, bevor ich sehe, was er tut? Und weil ich sehe, was er tut, glaube ich nicht, was er sagt.<\/p>\n\n\n\n<p class=\"wp-block-paragraph\">Es bedarf einer anderen Interpretation von \u00e2\u20ac\u017eDemokratie\u00e2\u20ac\u0153, wenn im englischen Wahlsystem eine Partei mit betr\u00c3\u00a4chtlicher Minderheit mit gro\u00c3\u0178er Mehrheit regieren darf.<\/p>\n\n\n\n<p class=\"wp-block-paragraph\">War im James Bond Museum in S\u00c3\u00b6lden \u00c3\u00bcber 3.000 Meter hoch. Habe mich gefragt, ob es Stuntmen auch f\u00c3\u00bcr die Liebesszenen gibt. Wenn ja, warum dann nicht ich?<\/p>\n\n\n\n<p class=\"wp-block-paragraph\">Die \u00c3\u00bcberragende Bedeutung des Wortes \u00e2\u20ac\u017enachhaltig\u00e2\u20ac\u0153 l\u00c3\u00a4sst sich aus folgendem Dialog entnehmen: Ich: Was Ihr da produziert, ist Schrott und in hohem Ma\u00c3\u0178e umweltsch\u00c3\u00a4dlich. \u00e2\u20ac\u201c Er: Aber wir produzieren den Schrott und die Umweltsch\u00c3\u00a4den NACHHALTIG. \u00e2\u20ac\u201c Ich: Dann ist ja alles OK.<\/p>\n\n\n\n<p class=\"wp-block-paragraph\">Die Leute glauben, sie k\u00c3\u00b6nnten sich f\u00c3\u00bcr jeden Mist, den sie machen, im Alleingang entschuldigen. Mit \u00e2\u20ac\u017eICH entschuldige MICH\u00e2\u20ac\u0153 sei es getan. Aber entschuldigen kann mich nur ein Gesch\u00c3\u00a4digter, den ich h\u00c3\u00b6flich darum BITTEN kann. Falsche Gedanken machen falsche Sprache und umgekehrt.<\/p>\n\n\n\n<p class=\"wp-block-paragraph\">Ich mag keine engstirnigen Amerikaner, Brasilianer, Chinesen, Israelis, Marokkaner, Russen, Tunesier, T\u00c3\u00bcrken \u00e2\u20ac\u00a6. Auch keine engstirnigen Buddhisten, Christen, Muslime oder Klimasch\u00c3\u00bctzer. Und auch nicht die \u00e2\u20ac\u017eInnen\u00e2\u20ac\u0153 davon! Deshalb bin ich f\u00c3\u00bcr viele ein Rassist. \u00e2\u20ac\u201c Ich mag aber auch keine engstirnigen Deutschen. Da darf ich das, aber ohne Rassist zu sein!<\/p>\n\n\n\n<p class=\"wp-block-paragraph\">Gr\u00c3\u00bcner Lokalpolitiker in der RP: \u00e2\u20ac\u017eNun gilt es, das Thema Klimanotstand auch mit Leben zu f\u00c3\u00bcllen.\u00e2\u20ac\u0153 \u00e2\u20ac\u201c Offenbar ist \u00e2\u20ac\u017eKlimanotstand\u00e2\u20ac\u0153 tats\u00c3\u00a4chlich nur eine tote H\u00c3\u00bclle.&nbsp;<\/p>\n\n\n\n<p class=\"wp-block-paragraph\">Im Paradies der Religionen und Ideologien ist Stillstand in der Gl\u00c3\u00bcckseligkeit: Alles, wovon man je getr\u00c3\u00a4umt hat, ist Realit\u00c3\u00a4t. Kein Wunsch bleibt offen; es gibt nichts mehr zu verbessern. \u00e2\u20ac\u201c Jeden Tag gl\u00c3\u00bccklich? Das kann nur gro\u00c3\u0178es Ungl\u00c3\u00bcck sein. Wer wei\u00c3\u0178 dann noch, was Gl\u00c3\u00bcck ist, wo es schon heute kaum einer wei\u00c3\u0178. Und ist&nbsp;<em>das<\/em>&nbsp;Gl\u00c3\u00bcck, wenn man nicht mehr f\u00c3\u00bcr neue Tr\u00c3\u00a4ume leben kann?<\/p>\n\n\n\n<p class=\"wp-block-paragraph\">Meldung: \u00e2\u20ac\u017eSherrock schreibt Geschichte: Erster Frauen-Sieg bei der Darts-WM\u00e2\u20ac\u0153. \u00e2\u20ac\u201c Warum sollen&nbsp;<em>Frauen<\/em>nicht Darts-Weltmeister(in) werden? Im direkten Wettbewerb mit M\u00c3\u00a4nnern gibt es da auch dasselbe Geld. Doch die sensationelle Meldung berichtet nicht vom WM-Sieg einer Frau, sondern vom ersten Sieg einer Frau in einem Auftaktspiel. Wahrhaft historisch, denn der sp\u00c3\u00a4tere Bericht \u00c3\u00bcber den WM-Sieger war nicht mal halb so lang.<\/p>\n\n\n\n<p class=\"wp-block-paragraph\">Wie kann ich die unsoziale Verteilung der Klimaschutzbelastungen verhindern? F\u00c3\u00bcr viele gibt es da keinen anderen Ausweg, als Klimaleugner zu w\u00c3\u00a4hlen. Fragen wir doch mal einen Arbeiter, der AfD w\u00c3\u00a4hlt!<\/p>\n\n\n\n<p class=\"wp-block-paragraph\">Unternehmen streichen Weihnachtsgeschenke. Wegen Compliance und Steuer. Einige registrieren, wer von wem Weihnachtskarten bekommt. Fr\u00c3\u00bcher eine Nettigkeit, heute ein Bestechungsversuch? Ohne Pauschalversteuerung auch Steuerhinterziehung! Und die Bonpflicht kommt. Wir hinterlassen unseren Enkeln ein Land voll Misstrauen und B\u00c3\u00bcrokratie, der dann ebenso misstraut wird.&nbsp;<\/p>\n\n\n\n<p class=\"wp-block-paragraph\">Wenn Vertrauen der Anfang von allem ist, was ist dann Misstrauen? Das Ende?<\/p>\n\n\n\n<p class=\"wp-block-paragraph\">Bier kaufen f\u00c3\u00bcr Weihnachten: Vorbei an Frankenheim Alt und Stauder Pils. Horror im Kopf. \u00e2\u20ac\u017eFrankensteins Alt\u00e2\u20ac\u0153 und \u00e2\u20ac\u017eSchauder Pils\u00e2\u20ac\u0153 sagten wir fr\u00c3\u00bcher. Aber auch \u00e2\u20ac\u017eBei Rolinck-Bier da steht er Dir, bei Haake-Beck da f\u00c3\u00a4llt er weg\u00e2\u20ac\u0153. Die haben hier nur Haake-Beck. \u00e2\u20ac\u017eDrei Dinge braucht der Mann: sein Ding, ihr Ding und Binding\u00e2\u20ac\u0153. Gibt es hier nicht! Aber Traugott Simon. \u00e2\u20ac\u017eTrau&nbsp;<em>Gott<\/em>&nbsp;Simon!\u00e2\u20ac\u0153 denke ich und suche weiter.<\/p>\n\n\n\n<p class=\"wp-block-paragraph\">Niedrigste Zahl von Verkehrstoten seit Beginn der Aufzeichnungen in Deutschland. \u00e2\u20ac\u201c Da haben die \u00c3\u201erzte m\u00c3\u00a4chtige Fortschritte gemacht oder die Statistik l\u00c3\u00bcgt: Wegen der SUVs ist die Zahl der Verkehrstoten doch explodiert. Hat man uns erz\u00c3\u00a4hlt!<\/p>\n\n\n\n<p class=\"wp-block-paragraph\">Fr\u00c3\u00bcher war \u00e2\u20ac\u017eSatire\u00e2\u20ac\u0153 scharfsinniger Spott. Heute wird jede stumpfsinnige P\u00c3\u00b6belei mit \u00e2\u20ac\u017eSatire\u00e2\u20ac\u0153 entschuldigt, j\u00c3\u00bcngst \u00e2\u20ac\u017eMeine Oma ist ne alte Umweltsau\u00e2\u20ac\u0153 von instrumentalisierten Kindern des WDR-Kinderchors: mit dem Finger respektlos auf die Oma. Ausfallend, Null Selbstreflexion! \u00e2\u20ac\u201c Liebe Kinder! Eure Oma hat bis zur Hochzeit weniger Umweltschmutz hinterlassen als ihr bis zum ersten Schultag! Und wenn IHR so weiter macht seid ihr wirklich Umwelts\u00c3\u00a4ue.&nbsp;<\/p>\n\n\n\n<p class=\"wp-block-paragraph\">Da sagt der \u00e2\u20ac\u017eOma-Umweltsau\u00e2\u20ac\u0153 Verantwortliche: &#8222;Wir haben in den vergangenen Jahren immer allergr\u00c3\u00b6\u00c3\u0178ten Respekt vor Seniorinnen und Senioren gezeigt. Diesen werden wir uns auch in Zukunft nicht nehmen lassen.\u00e2\u20ac\u0153 \u00e2\u20ac\u201c WER wollte Euch diesen Respekt denn NEHMEN? Den habt IHR frei- und mutwillig WEGGEGEBEN<\/p>\n\n\n\n<p class=\"wp-block-paragraph\">Klimaretterin Rackete w\u00c3\u00bcnscht Frohe Festtage aus dem Sommer in S\u00c3\u00bcdamerika. Das Klima muss schlie\u00c3\u0178lich \u00c3\u00bcberall gerettet werden. Daf\u00c3\u00bcr muss man viel reisen, am besten fliegen. Schade nur, dass die Oma das nicht versteht, die zuhause viel zu billige Schnitzel br\u00c3\u00a4t! Aber zum Gl\u00c3\u00bcck macht die alte Umweltsau ja nicht mehr lange.<\/p>\n\n\n\n<p class=\"wp-block-paragraph\">Oma = Umweltsau: Findet man\u00e2\u20ac\u02dcs schlecht, spielt man in den Augen von Journalisten des WDR mit in einem \u00e2\u20ac\u017eoffenbar von Rechtsextremen orchestrierten Shitstorm\u00e2\u20ac\u0153. \u00e2\u20ac\u201c Danke f\u00c3\u00bcr diese Verleumdung! Freiheit, auch die der Presse, verlangt Verantwortung. Wer das politische Klima mutwillig vergiftet und diese Gesellschaft spaltet, wird dieser Verantwortung nicht gerecht, aber wohl weiter mit Rundfunkgeb\u00c3\u00bchren bezahlt.<\/p>\n\n\n\n<p class=\"wp-block-paragraph\">Auch Oma = Nazisau kommt von einem Mitarbeiter des WDR. Daf\u00c3\u00bcr gibt es viele Likes von anderen Journalisten! Der Journalistenverband fordert sogar R\u00c3\u00bcckendeckung. \u00e2\u20ac\u201c Hei\u00c3\u0178t Pressefreiheit denn, dass man unkritisiert(!) jeden Unfug behaupten darf, wenn man einen Presseausweis hat. Ich dachte, man kann nur \u00c3\u00bcberall parken!?<\/p>\n\n\n\n<p class=\"wp-block-paragraph\">Problem heute: Feuerwerk: Pro oder Contra? Die bunte Welt simplifizierend in Schwarz und Wei\u00c3\u0178. Alle zwei Wochen in meiner Zeitung. Ohne Zwischent\u00c3\u00b6ne! In der digitalen Welt angekommen: nur 0\/1, an\/aus, ja\/nein. Spaltung der Gesellschaft in zwei fast gleich gro\u00c3\u0178e Teile \u00c3\u00bcberall: Deutschland, England, Frankreich, Italien, T\u00c3\u00bcrkei, USA, \u00e2\u20ac\u00a6 .<\/p>\n\n\n\n<p class=\"wp-block-paragraph\">Wer sich selbst zu ernst nimmt, wird nicht ernstgenommen.<\/p>\n\n\n\n<p class=\"wp-block-paragraph\">Ich habe mehr schlechte Nachs\u00c3\u00a4tze f\u00c3\u00bcr das alte Jahr als gute Vors\u00c3\u00a4tze f\u00c3\u00bcr das neue.<\/p>\n\n\n\n<p class=\"wp-block-paragraph\">Letzte Woche \u00e2\u20ac\u017eIm Tal des Fuchses\u00e2\u20ac\u0153 von Charlotte Link: Da wird eine Frau entf\u00c3\u00bchrt, w\u00c3\u00a4hrend ihr Mann mit dem Sch\u00c3\u00a4ferhund Gassi geht. Doch er sucht nicht lange nach ihr und nicht, indem er den Hund auf ihre F\u00c3\u00a4hrte setzt. Drei Jahre sp\u00c3\u00a4ter findet die Polizei die Leiche durch den Einsatz von Hunden. Irgendwie f\u00c3\u00bchle ich mich da von Charlotte gelinkt!<\/p>\n\n\n\n<p class=\"wp-block-paragraph\">Pudel sind aus der Mode gekommen. Sogar auf den K\u00c3\u00b6pfen der \u00c3\u00a4lteren Damen.<\/p>\n\n\n\n<p class=\"wp-block-paragraph\">\u00e2\u20ac\u017eIch bin wunschlos gl\u00c3\u00bccklich\u00e2\u20ac\u0153, sagte mein Vater. Doch kann man \u00c3\u00bcberhaupt \u00e2\u20ac\u017ewunschlos gl\u00c3\u00bccklich\u00e2\u20ac\u0153 sein?<\/p>\n\n\n\n<p class=\"wp-block-paragraph\">Stell Dir vor, Du kannst all Deine W\u00c3\u00bcnsche verwirklichen, verlierst aber dadurch Deine Tr\u00c3\u00a4ume: Bist Du dann gl\u00c3\u00bccklich?<\/p>\n\n\n\n<p class=\"wp-block-paragraph\">Unser Staat ist verantwortlich f\u00c3\u00bcr die Komplexit\u00c3\u00a4t unseres Steuerrechts. Bei Kleinen \u00c3\u00bcbertreffen die Steuerfolgekosten oft sogar die Steuerzahlungen. W\u00c3\u00bcrde der Staat die Verantwortung daf\u00c3\u00bcr \u00c3\u00bcbernehmen, m\u00c3\u00bcssten alle Kosten f\u00c3\u00bcr deren Steuerberatung und -verwaltung erstattet oder von der Steuerschuld abgezogen werden. Nur so h\u00c3\u00a4tten wir eine gleichm\u00c3\u00a4\u00c3\u0178ige Belastung mit steuerbedingten Kosten und bald vielleicht auch ein einfacheres Steuerrecht.<\/p>\n\n\n\n<p class=\"wp-block-paragraph\">Konsequenzen im Stile der Mullahs: Der Iran nimmt nicht den Sch\u00c3\u00bctzen fest, sondern denjenigen, der den Abschuss des Passagierflugzeugs gefilmt hat. Das ist n\u00c3\u00a4mlich der Verantwortliche. Aber bei Wikileaks ist das ja nicht viel anders. Oder?<\/p>\n\n\n\n<p class=\"wp-block-paragraph\">Meldung der Tagesschau: \u00e2\u20ac\u017eHei\u00c3\u0178estes Jahrzehnt der Geschichte\u00e2\u20ac\u0153 \u00e2\u20ac\u201c So gut, so falsch. Ausdruck der Auffassung: Was nicht gemessen ist, gibt es nicht und gab es nie. Auch nicht in der Kreidezeit.<\/p>\n\n\n\n<p class=\"wp-block-paragraph\">Datenanalyse \u00c3\u00bcberall, auch im Fu\u00c3\u0178ball. Da gibt es Overperformer und Underperformer, die besser oder schlechter sind als die Analysemodelle es berechnen. Wie stark ist doch der Computerglaube! Denn in beiden F\u00c3\u00a4llen ist das Analysemodell der Underperformer.<\/p>\n\n\n\n<p class=\"wp-block-paragraph\">\u00e2\u20ac\u017eWitze \u00c3\u00bcber Klima und H\u00c3\u00b6cke: Zuschauer verlassen bei Nuhr-Auftritt w\u00c3\u00bctend den Saal\u00e2\u20ac\u0153. Fliehen da Hunderte oder alle? Weit gefehlt: \u00e2\u20ac\u017eDann bezeichnete er H\u00c3\u00b6cke als &#8222;Bonsai-Hitler von der AfD&#8220;. Daraufhin verlie\u00c3\u0178en zwei junge M\u00c3\u00a4nner den Saal, wohl unter einigem Get\u00c3\u00b6se.\u00e2\u20ac\u0153 \u00e2\u20ac\u201c Lieber Focus! Dass zwei Rechtsradikale den Saal verlassen, sollte Euch keine Schlagzeile wert sein! Schon gar nicht eine solche.<\/p>\n\n\n\n<p class=\"wp-block-paragraph\">Schlagzeile \u00e2\u20ac\u017eKliniken schlecht f\u00c3\u00bcr Corona ger\u00c3\u00bcstet.\u00e2\u20ac\u0153 \u00e2\u20ac\u201c Aber dann steht da das Gegenteil: Offenbar sind die Kliniken \u00e2\u20ac\u017egut f\u00c3\u00bcr\u00e2\u20ac\u0153, aber \u00e2\u20ac\u017eschlecht gegen\u00e2\u20ac\u0153 Corona ger\u00c3\u00bcstet.<\/p>\n\n\n\n<p class=\"wp-block-paragraph\">Ich sprach mit den Lottospielerinnen und fand heraus: Sie spielen Lotto nicht, um ihre Tr\u00c3\u00a4ume zu verwirklichen; sie spielen Lotto, um Tr\u00c3\u00a4ume haben zu k\u00c3\u00b6nnen.&nbsp;<\/p>\n\n\n\n<p class=\"wp-block-paragraph\">Die SPD ist besorgt \u00c3\u00bcber den Zustand der CDU und fordert sie zur Abgrenzung nach rechts auf. \u00e2\u20ac\u201c Das ist so, als w\u00c3\u00bcrde der Bauleiter des Berliner Flughafens dem von Stuffgart 21 Ratschl\u00c3\u00a4ge erteilen. Und wenn (j\u00c3\u00bcdische) Mitglieder der FDP kommentarlos als Nazis beschimpft, die Kinder von Kemmerich bedroht werden und seine Frau bespuckt wird, ist es mit der Abgrenzung der SPD nach links nicht weit her.&nbsp;<\/p>\n\n\n\n<p class=\"wp-block-paragraph\">Bedauernd schrieb ein linker Autor, \u00e2\u20ac\u017edass nicht alle die gleichen Privilegien genie\u00c3\u0178en\u00e2\u20ac\u0153. \u00e2\u20ac\u201c Linke Utopie: Alle sollten den gr\u00c3\u00b6\u00c3\u0178ten, kleinsten, die meisten, sch\u00c3\u00b6nsten \u00e2\u20ac\u00a6 haben, alle genau dieselben \u00e2\u20ac\u017ePrivilegien\u00e2\u20ac\u0153. \u00e2\u20ac\u201c So wird der Begriff &#8222;Privileg\u00e2\u20ac\u0153 zum Selbstwiderspruch und geleugnet, dass \u00e2\u20ac\u017ePrivileg\u00e2\u20ac\u0153 etwas Subjektives ist, weil des einen \u00e2\u20ac\u017ePrivileg\u00e2\u20ac\u0153 des anderen \u00e2\u20ac\u017eB\u00c3\u00bcrde\u00e2\u20ac\u0153 sein kann. Beste Gr\u00c3\u00bc\u00c3\u0178e von Meghan und Harry!&nbsp;<\/p>\n\n\n\n<p class=\"wp-block-paragraph\">Da ziehen SPD und Linke \u00c3\u00bcber Kemmerich (FDP) her, weil er sich 2020 mit Stimmen der AfD zum Ministerpr\u00c3\u00a4sidenten w\u00c3\u00a4hlen l\u00c3\u00a4sst und dann kommt heraus: 2014 haben SPD-Genossen Helmerich von der AfD bearbeitet, f\u00c3\u00bcr Ramelow (Linke) als Ministerpr\u00c3\u00a4sidenten zu stimmen. Das hat er getan und Ramelow wurde mit dieser entscheidenden AfD-Stimme gew\u00c3\u00a4hlt. Merke: Wenn zwei dasselbe tun, ist es nicht dasselbe.<\/p>\n\n\n\n<p class=\"wp-block-paragraph\">Fridays for Future hat einen Verb\u00c3\u00bcndeten. Das Corona Virus. Es rettet das Klima und zerst\u00c3\u00b6rt die Menschheit: Kommt alle am Freitag zur Klima-Demo! Dann verbreitet es sich schneller. (Achtung: Sarkasmus!)<\/p>\n\n\n\n<p class=\"wp-block-paragraph\">Schon l\u00c3\u00a4sst sich der chinesische Regierungschef als Sieger \u00c3\u00bcber das Corona-Virus feiern. Mir kommt das vor wie bei einem Feuerwehrmann, der die Scheune selbst in Brand gesteckt hat und sich nach dem L\u00c3\u00b6schen feiern l\u00c3\u00a4sst, obwohl das Feuer auf Nachbarh\u00c3\u00a4user \u00c3\u00bcbergegriffen hat und es in der Scheune \u00c3\u00bcberall Schwelbr\u00c3\u00a4nde gibt.<\/p>\n\n\n\n<p class=\"wp-block-paragraph\">Was wir heute als \u00e2\u20ac\u017eNatur\u00e2\u20ac\u0153 sch\u00c3\u00bctzen wollen, ist meist nicht viel mehr als der denaturierte Zustand, den uns vorgehende Generationen \u00c3\u00bcberlassen haben.&nbsp;<\/p>\n\n\n\n<p class=\"wp-block-paragraph\">Der Run auf Klopapier zeigt, dass viele von uns die Arschl\u00c3\u00b6cher f\u00c3\u00bcr besonders wichtig halten und sie immer zart umschmeicheln wollen. So wird das nie was mit einer Revolution!<\/p>\n\n\n\n<p class=\"wp-block-paragraph\">An der Corona-Krise erkennt man den wesentlichen Unterschied zwischen Natur- und Sozialwissenschaften: In der Naturwissenschaft, bewegt nur das, was ist, in der Sozialwissenschaft auch das, was die Leute (richtig oder falsch) denken, was ist.<\/p>\n\n\n<p style=\"text-align: left;\"><span style=\"font-size: =;\"><a href=\"http:\/\/www.neschle.de\/download-manager.php?id=254\">PDF-Datei<\/a><span style=\"font-size: small;\"><br \/>This post was downloaded by <!--downloads(254)-->people until now.<\/span><\/span><\/p>\n<p>&#8211;&gt;<\/p>","protected":false},"excerpt":{"rendered":"<p>Das Buch der Spr\u00c3\u00bcche: Teil 27 L\u00c3\u00bcgen sind ein stilles Kompliment an die \u00c3\u0153berlegenheit des anderen. Ich habe nicht gekotzt. Ich habe einen Wurstr\u00c3\u00bcckruf gestartet. Im letzten Moment! Es sind wieder Ferien in NRW. Da bleibt das Klima am Freitag ungerettet.<\/p>\n","protected":false},"author":1,"featured_media":0,"comment_status":"open","ping_status":"closed","sticky":false,"template":"","format":"standard","meta":{"footnotes":""},"categories":[5,4],"tags":[101,102,105],"class_list":["post-1566","post","type-post","status-publish","format-standard","hentry","category-bucher","category-blog","tag-buch","tag-sprueche","tag-xing"],"_links":{"self":[{"href":"https:\/\/neschle.de\/index.php\/wp-json\/wp\/v2\/posts\/1566","targetHints":{"allow":["GET"]}}],"collection":[{"href":"https:\/\/neschle.de\/index.php\/wp-json\/wp\/v2\/posts"}],"about":[{"href":"https:\/\/neschle.de\/index.php\/wp-json\/wp\/v2\/types\/post"}],"author":[{"embeddable":true,"href":"https:\/\/neschle.de\/index.php\/wp-json\/wp\/v2\/users\/1"}],"replies":[{"embeddable":true,"href":"https:\/\/neschle.de\/index.php\/wp-json\/wp\/v2\/comments?post=1566"}],"version-history":[{"count":5,"href":"https:\/\/neschle.de\/index.php\/wp-json\/wp\/v2\/posts\/1566\/revisions"}],"predecessor-version":[{"id":1573,"href":"https:\/\/neschle.de\/index.php\/wp-json\/wp\/v2\/posts\/1566\/revisions\/1573"}],"wp:attachment":[{"href":"https:\/\/neschle.de\/index.php\/wp-json\/wp\/v2\/media?parent=1566"}],"wp:term":[{"taxonomy":"category","embeddable":true,"href":"https:\/\/neschle.de\/index.php\/wp-json\/wp\/v2\/categories?post=1566"},{"taxonomy":"post_tag","embeddable":true,"href":"https:\/\/neschle.de\/index.php\/wp-json\/wp\/v2\/tags?post=1566"}],"curies":[{"name":"wp","href":"https:\/\/api.w.org\/{rel}","templated":true}]}}