{"id":1503,"date":"2020-12-21T19:48:46","date_gmt":"2020-12-21T18:48:46","guid":{"rendered":"https:\/\/neschle.de\/?p=1503"},"modified":"2020-12-21T19:52:35","modified_gmt":"2020-12-21T18:52:35","slug":"1503","status":"publish","type":"post","link":"https:\/\/neschle.de\/index.php\/blog\/1503\/","title":{"rendered":"Leon Neschle<sup>&copy;<\/sup>"},"content":{"rendered":"\n<h2 class=\"wp-block-heading\"><span style=\"color:#4f81bd\" class=\"tadv-color\"><strong>Das Buch der Spr\u00c3\u00bcche<\/strong>: <strong>Teil 23<\/strong><\/span><\/h2>\n\n\n\n<p class=\"wp-block-paragraph\">Wer \u00c3\u00b6fter etwas anderes tut als er sagt, dem geht es nie um das, was er sagt.<\/p>\n\n\n\n<p class=\"wp-block-paragraph\">Was einer dummen Gans schwant, ist meist eine Ente.<\/p>\n\n\n\n<p class=\"wp-block-paragraph\">Nicht nur gescheiterte S\u00c3\u00a9ancen enden in geistlosen Tischgespr\u00c3\u00a4chen.<\/p>\n\n\n\n<!--more-->\n\n\n\n<p class=\"wp-block-paragraph\">Es mag sein, dass man mit dem Alter langsamer denkt, aber man folgt auch nicht mehr jedem Irrweg und kennt mehr Abk\u00c3\u00bcrzungen.<\/p>\n\n\n\n<p class=\"wp-block-paragraph\">Neulich in der Schmerzklinik ein Fragebogen: F\u00c3\u00bchlen Sie sich unzufrieden? selten, manchmal, oft, immer. F\u00c3\u00bchlen Sie sich nutzlos? selten, manchmal, oft, immer? \u00e2\u20ac\u201cMeine Antwort war \u00e2\u20ac\u017eNIE\u00e2\u20ac\u0153 auf jede der zwanzig Fragen. Doch diese Antwort gab es im Vordruck gar nicht: So kann man den Menschen ihren Optimismus rauben und eine Sache, die schlecht ist, noch schlechter machen.<\/p>\n\n\n\n<p class=\"wp-block-paragraph\">Deutsche Weihnacht ist traditionell \u00e2\u20ac\u017ebesinnlich\u00e2\u20ac\u0153 (Gehirn einschalten). Englische Xmas-Partys machen \u00e2\u20ac\u017ebesinnungslos\u00e2\u20ac\u0153 (Gehirn abschalten).<\/p>\n\n\n\n<p class=\"wp-block-paragraph\">\u00e2\u20ac\u017eWas machst Du gerade, Rainer?\u00e2\u20ac\u0153, werde ich bei Facebook gefragt. Bl\u00c3\u00b6de Frage! Die wissen es doch l\u00c3\u00a4ngst: Ich schaue bei Facebook rein. Alles andere mache ich danach oder habe es davor gemacht.<\/p>\n\n\n\n<p class=\"wp-block-paragraph\">Wie arglos haben wir einst Weihnachtspl\u00c3\u00a4tzchen genossen! Sie lagen im Trend, waren vegetarisch, oft sogar vegan. Heute sind sie High Carb! Das geht gar nicht!!!<\/p>\n\n\n\n<p class=\"wp-block-paragraph\">Der Pilot mit der Ehrenrunde f\u00c3\u00bcr Airberlin wurde in aller Stille freigesprochen. \u00e2\u20ac\u201c Was war das f\u00c3\u00bcr ein kleingeistiges Geschrei um eine Sache, die es am Anfang unserer Republik nicht mal in die Nachrichten geschafft h\u00c3\u00a4tte?<\/p>\n\n\n\n<p class=\"wp-block-paragraph\">Bei meiner Berufswahl habe ich nicht gefragt, wo kann ich das meiste Geld verdienen, sondern: Wo kann ich das Meiste meines Ichs bewahren und muss das Wenigste meiner Seele verkaufen? Da gab es nur die Wahl zwischen Unternehmer und Professor.<\/p>\n\n\n\n<p class=\"wp-block-paragraph\">In Schweden gibt es nach MeToo ein Gesetz, dass man vor dem Sex formell um Erlaubnis bitten muss. F\u00c3\u00bcr Deutschland schlage ich einen schriftlichen Antrag mit drei Durchschl\u00c3\u00a4gen und einer Woche Bedenkzeit vor, der durch beiderseitige Unterschrift zu genehmigen ist. Bei Swinger-Partys ist dar\u00c3\u00bcber Buch zu f\u00c3\u00bchren. Etwas Romantischeres kann ich mir kaum vorstellen.<\/p>\n\n\n\n<p class=\"wp-block-paragraph\">Meldung: Weihnachtsfeier an Schule wegen einer Muslimin abgesagt. \u00e2\u20ac\u201c Das weckt Abneigung gegen Muslime, obwohl der Fehler bei der Schule liegt. L\u00c3\u00b6sung: Weihnachtsfeier durchf\u00c3\u00bchren, Muslimin von der Teilnahme befreien. \u00e2\u20ac\u201c \u00c3\u201ehnlich beim Kindergarten in M. Am Geburtstag sollten die Kinder nur Gefl\u00c3\u00bcgelw\u00c3\u00bcrstchen mitbringen, obwohl viele lieber Schweinsw\u00c3\u00bcrstl wollten. L\u00c3\u00b6sung: Jeder bringt, was er will, nimmt R\u00c3\u00bccksicht oder nicht. Das muss ja nicht jeder essen.<\/p>\n\n\n\n<p class=\"wp-block-paragraph\">Schalke \u00e2\u20ac\u201c K\u00c3\u00b6ln 1 : 0. \u00e2\u20ac\u201c Das Spiel hat die Schalker viel Krampf gekostet.<\/p>\n\n\n\n<p class=\"wp-block-paragraph\">Heutige Alt68er sind genauso \u00e2\u20ac\u017eEwig Gestrige\u00e2\u20ac\u0153 wie diejenigen, die sie einst daf\u00c3\u00bcr bek\u00c3\u00a4mpft haben. Nur ihr Gestern ist anders.<\/p>\n\n\n\n<p class=\"wp-block-paragraph\">Sie gaben mir Morphium und Opiate gegen meine Schmerzen und prophezeiten mir wilde Phantasien. Doch es war wie immer, nur ohne Schmerzen. Wenn die recht haben, muss ich auch ohne diese Mittel wilde Phantasien haben.<\/p>\n\n\n\n<p class=\"wp-block-paragraph\">Der Datenschutz: Gestern berichtete jemand, dass jemand jemanden ermordet hat. Jemand wurde von jemandem festgenommen. Es ist aber nicht klar, ob dieser jemand sich als der jemand erweist, der die Tat begangen hat. Jemand wird nun pr\u00c3\u00bcfen m\u00c3\u00bcssen, ob es vielleicht jemand anderes war. (\u00c3\u00bcber kryptische Pressemeldungen mit Datenschutz)<\/p>\n\n\n\n<p class=\"wp-block-paragraph\">Ich: Ich singe gerade ein Lied von Nat King Cole. \u00e2\u20ac\u201c Sie: Nat! \u00e2\u20ac\u201c Ich: Ja, sicher nett.&nbsp;<\/p>\n\n\n\n<p class=\"wp-block-paragraph\">Vorbei ist die Zeit, wo wir arglos das Oktoberfest besuchten, unschuldig auf Weihnachtsm\u00c3\u00a4rkte gingen. Wir haben die Grenzen in Europa abgeschafft und errichten sie nun rund um unsere Volksfeste.&nbsp;<\/p>\n\n\n\n<p class=\"wp-block-paragraph\">Prinz Harry hat diplomatische Probleme mit der Einladung von Obama zu seiner Hochzeit: Trump war noch nicht bei der Queen. \u00e2\u20ac\u201c Spiegel-Online sieht (w\u00c3\u00b6rtlich!) ein Problem mit der \u00e2\u20ac\u017eGestenliste\u00e2\u20ac\u0153: Darf da keine(r) den Stinkefinger zeigen oder hat die Presse ein Problem mit der deutschen Sprache?<\/p>\n\n\n\n<p class=\"wp-block-paragraph\">Das Neue Jahr: Ich werde mein Leben nicht \u00c3\u00a4ndern, ich werde mein \u00c3\u201endern leben.<\/p>\n\n\n\n<p class=\"wp-block-paragraph\">Es ist nicht lange her, da wurde die Elbphilharmonie als \u00e2\u20ac\u017eSteuergrab\u00e2\u20ac\u0153 verunglimpft. Dieselben Journale feiern sie heute als weltweiten Anziehungspunkt, mit dem Hamburg Berlin den Rang ablaufe. Nat\u00c3\u00bcrlich ist es Ausdruck der Pressefreiheit, Betrachtungsweise und Meinung \u00c3\u00a4ndern zu d\u00c3\u00bcrfen. Doch das gilt auch f\u00c3\u00bcr die Narrenfreiheit.<\/p>\n\n\n\n<p class=\"wp-block-paragraph\">Ich: Ich h\u00c3\u00a4tte gern Rouladen! \u00e2\u20ac\u201c Verk\u00c3\u00a4uferin: Die haben wir aber nicht mehr im Angebot. \u00e2\u20ac\u201c Ich: Sie haben keine Rouladen mehr? \u00e2\u20ac\u201c Sie: Doch ich hab sie da. \u00e2\u20ac\u201c Ich: Also nicht mehr im SONDERangebot? \u00e2\u20ac\u201c Sie: Ich sagte \u00e2\u20ac\u017enicht mehr im ANGEBOT\u00e2\u20ac\u0153. \u00e2\u20ac\u201c Ich: Dann muss ich etwas anderes nehmen?! \u00e2\u20ac\u201c Sie: Aber ich hab sie doch da. \u00e2\u20ac\u201c Ich: Na gut, dann f\u00c3\u00bcnf Rouladen.<\/p>\n\n\n\n<p class=\"wp-block-paragraph\">Ich sah ein Buch: Denke nach und werde reich \u00e2\u20ac\u201c Niemand ist je so reich geworden: 1. Denke VOR! Denke heute schon so, wie die anderen erst morgen denken werden! 2. Du musst es MACHEN! Vom Denken ist noch keiner reich geworden. Richtig ist: \u00e2\u20ac\u017eMache vor und werde reich!\u00e2\u20ac\u0153. Denke nun nach und Du wirst verstehen: Das gilt auch f\u00c3\u00bcr die unehrliche Weise, reich zu werden.<\/p>\n\n\n\n<p class=\"wp-block-paragraph\">Wer 2018 sein Leben \u00c3\u00a4ndern will, sollte versuchen, sein \u00c3\u201endern zu leben. Dann muss er nie wieder sein Leben \u00c3\u00a4ndern.<\/p>\n\n\n\n<p class=\"wp-block-paragraph\">Ein Psychiater riet einem Patienten, der w\u00c3\u00bctend wurde, wenn er warten musste, zu mehr Gelassenheit. Da lie\u00c3\u0178 der Patient den Psychiater warten und&nbsp;<em>der<\/em>&nbsp;wurde w\u00c3\u00bctend.<\/p>\n\n\n\n<p class=\"wp-block-paragraph\">Wirtschaft ist, wenn man f\u00c3\u00bcr das, was man will, selbst zahlt. Politik ist, wenn man die anderen daf\u00c3\u00bcr zahlen l\u00c3\u00a4sst.&nbsp;<\/p>\n\n\n\n<p class=\"wp-block-paragraph\">Zu Beginn eines Strafprozesses bedeutet die Unschuldsvermutung: \u00e2\u20ac\u017eDas Opfer l\u00c3\u00bcgt!\u00e2\u20ac\u0153 Das ist Folge der \u00e2\u20ac\u017eT\u00c3\u00a4tergerechtigkeit\u00e2\u20ac\u0153 und auch beim Urteil achtet unser Recht allein darauf. \u00e2\u20ac\u017eOpfergerechtigkeit\u00e2\u20ac\u0153 kommt nicht vor. Wer wundert sich da, dass die meisten Urteile den Opfern nicht gerecht werden.<\/p>\n\n\n\n<p class=\"wp-block-paragraph\">Ideale sind das Sch\u00c3\u00b6nste und Gr\u00c3\u00b6\u00c3\u0178te, wenn wir sie denken, das Schlimmste und Grausigste, wenn wir sie realisieren: je penibler umso schlimmer, je mehr wir sie aufzwingen umso grausiger: das Christentum, der Islam, der Sozialismus.<\/p>\n\n\n\n<p class=\"wp-block-paragraph\">\u00e2\u20ac\u017eSchw\u00c3\u00a4ne sind gr\u00c3\u00bcn\u00e2\u20ac\u0153, ist falsch, WER immer das behauptet, sei er von AfD, CDU, SPD, sei er Christ, Jude, Muslim; Amerikaner, Deutscher, T\u00c3\u00bcrke; gelb, schwarz, wei\u00c3\u0178. Doch Politiker fragen zun\u00c3\u00a4chst \u00e2\u20ac\u017eWER hat das gesagt\u00e2\u20ac\u0153, um dann zu entscheiden, ob sie die Behauptung angreifen, verteidigen oder totschweigen. Es muss daher oft sachlich falsch oder besch\u00c3\u00b6nigend werden, um politisch korrekt zu sein.<\/p>\n\n\n\n<p class=\"wp-block-paragraph\">GENIUS ist ein Akronym f\u00c3\u00bcr G-reatest E-gocentric N-arcissistic I-diot (of the) U-nited S-tates (Gr\u00c3\u00b6\u00c3\u0178ter egozentrischer selbstverliebter Idiot der Vereinigten Staaten). Und wer hat sich k\u00c3\u00bcrzlich \u00e2\u20ac\u017eGENIUS\u00e2\u20ac\u0153 genannt? War es nicht Donald Trump?<\/p>\n\n\n\n<p class=\"wp-block-paragraph\">Liebe #MeToos, Ihr habt recht: Vergewaltigung geht gar nicht, sexuelle Bel\u00c3\u00a4stigung auch nicht, Sexismus ist b\u00c3\u00a4h. \u00e2\u20ac\u201c Doch gibt es keine Frau, die sich hochschlafen wollte und sich nur ungern erinnert? Und was tun Groupies? Sicher nicht #ShameOnMe aufmachen. Daher ist auch die #MeToo-Wahrheit nur deren \u00e2\u20ac\u017epolitisch korrekter\u00e2\u20ac\u0153 Teil.<\/p>\n\n\n\n<p class=\"wp-block-paragraph\">Meldung: \u00e2\u20ac\u017eIranischer Ayatollah l\u00c3\u00a4sst sich in deutscher Klinik behandeln\u00e2\u20ac\u0153 \u00e2\u20ac\u201c Es hat sich viel getan seit dem Mittelalter, nicht nur in der Medizin; doch weniger in muslimischen L\u00c3\u00a4ndern. Doch welcher Muslim will das sehen? Nur der, der mit Bildung dem Stolz der ewig Gestrigen abgeschworen hat. Er gibt Hoffnung f\u00c3\u00bcr die Zukunft.<\/p>\n\n\n\n<p class=\"wp-block-paragraph\">#MeToo wird zur Show und zum Trend, bei dem jede als Betroffene und jeder als politisch korrekter Unterst\u00c3\u00bctzer mitmischen will. Ging es mal um Gewalt, ist es nun schon der arglose Blick eines Falschen, der als Bel\u00c3\u00a4stigung gedeutet wird. Damit aber werden frau und man den Frauen nicht gerecht, die Opfer einer Vergewaltigung wurden: Diese Show muss ohne mich auskommen. So #CountMeOut.<\/p>\n\n\n\n<p class=\"wp-block-paragraph\">Fr\u00c3\u00bcher war politischer Schwachsinn auf den Stammtisch der Dorfkneipe beschr\u00c3\u00a4nkt, heute erreicht er durch das Internet weltweite Dimensionen. Manche werden damit sogar Pr\u00c3\u00a4sidenten der Vereinigten Staaten.<\/p>\n\n\n\n<p class=\"wp-block-paragraph\">\u00e2\u20ac\u017eGleicher Lohn f\u00c3\u00bcr gleiche Arbeit\u00e2\u20ac\u0153: Jeder Fu\u00c3\u0178baller verdient gleich oder nur jeder Rechtsverteidiger? Im selben Verein, in derselben Liga? Auch bei Amateuren? Und Frauen? \u00e2\u20ac\u201c Lasst mal die SPD ran: Dann verdienen alle Fu\u00c3\u0178ballerInnen gleich und es herrscht soziale Gerechtigkeit! Es kann nicht sein, dass zwei Mittelfeldspieler im selben Verein unterschiedlich viel verdienen!<\/p>\n\n\n\n<p class=\"wp-block-paragraph\">\u00e2\u20ac\u017eSchweizgebadet\u00e2\u20ac\u0153 ist das Ergebnis einer besonderen Form der Geldw\u00c3\u00a4sche.<\/p>\n\n\n\n<p class=\"wp-block-paragraph\">Ich lese gerade, die FDP sei die \u00e2\u20ac\u017ePartei der sozialen K\u00c3\u00a4lte\u00e2\u20ac\u0153. \u00e2\u20ac\u201c Da habe ich Vorschl\u00c3\u00a4ge f\u00c3\u00bcr weitere Stereotypen: CSU \u00e2\u20ac\u017eStammtisch der r\u00c3\u00bcckst\u00c3\u00a4ndigen Reaktion\u00e2\u20ac\u0153; CDU \u00e2\u20ac\u017eInnung der altbackenen Langeweile\u00e2\u20ac\u0153; SPD \u00e2\u20ac\u017eVerband der verkn\u00c3\u00b6cherten Staatsgl\u00c3\u00a4ubigkeit\u00e2\u20ac\u0153; AfD \u00e2\u20ac\u017eKorps der kleinkarierten Deutscht\u00c3\u00bcmelei\u00e2\u20ac\u0153; Gr\u00c3\u00bcne \u00e2\u20ac\u017eGilde der gutmenschlichen Phantasterei\u00e2\u20ac\u0153; Linke: \u00e2\u20ac\u0153Kader des unbelehrbaren Lehrmeistertums\u00e2\u20ac\u0153.<\/p>\n\n\n\n<p class=\"wp-block-paragraph\">Ich lese: Rekordverk\u00c3\u00a4ufe bei Autos \u00e2\u20ac\u017etrotz\u00e2\u20ac\u0153 Dieselskandals; Besuchermagnet Elbphilharmonie \u00e2\u20ac\u017etrotz\u00e2\u20ac\u0153 immenser Kosten. \u00e2\u20ac\u201c In beiden F\u00c3\u00a4llen ist es \u00e2\u20ac\u017ewegen\u00e2\u20ac\u0153 statt \u00e2\u20ac\u017etrotz\u00e2\u20ac\u0153: Man macht den Diesel madig, damit die Leute neue Benziner kaufen. Wer sich bei der Elphi einst als kniepiger Knauser gab, feiert nun ihre weltweite Herrlichkeit.&nbsp;<\/p>\n\n\n\n<p class=\"wp-block-paragraph\">Der kluge Mann baut vor. Doch nicht jeder, der einen Balkon hat, ist schon klug.<\/p>\n\n\n\n<p class=\"wp-block-paragraph\">Trump ist nicht klug genug, um schweigsam zu sein. Und nicht gut genug, um bescheiden zu sein.<\/p>\n\n\n\n<p class=\"wp-block-paragraph\">\u00e2\u20ac\u017eDer Schutz der Umwelt VOR den Menschen\u00e2\u20ac\u0153 und \u00e2\u20ac\u017eDer Schutz der Umwelt F\u00c3\u0153R den Menschen\u00e2\u20ac\u0153 unterscheiden sich in einem wichtigen Punkt: D\u00c3\u00bcrfen der Umwelt Menschenopfer gebracht werden oder nicht?&nbsp;<\/p>\n\n\n\n<p class=\"wp-block-paragraph\">Die Scheidungsquote steigt, weil die Leute&nbsp;<em>sich<\/em>&nbsp;immer mehr lieben, aber immer weniger&nbsp;<em>einander<\/em>.<\/p>\n\n\n\n<p class=\"wp-block-paragraph\">Den G\u00c3\u00b6tzen der Neuzeit, allen voran dem Geld, werden mehr Menschenopfer gebracht als den G\u00c3\u00b6ttern der Azteken. Doch die Methoden sind subtiler und weniger \u00c3\u00b6ffentlich.<\/p>\n\n\n\n<p class=\"wp-block-paragraph\">Studentin vor einem Vortrag (halb im Scherz): Herr Professor, ich habe Angst&nbsp;<em>VOR<\/em>&nbsp;Ihnen. \u00e2\u20ac\u201c Ich: Stellen Sie sich doch&nbsp;<em>hinter<\/em>&nbsp;mich, dann habe ICH Angst VOR Ihnen.\u00e2\u20ac\u0153<\/p>\n\n\n\n<p class=\"wp-block-paragraph\">Was \u00c3\u00a4ndern denn die Leute, die meinen, angesichts dieser Welt nicht gl\u00c3\u00bccklich sein zu d\u00c3\u00bcrfen, au\u00c3\u0178er diese Welt durch ihr Ungl\u00c3\u00bccklichsein schlechter zu machen.<\/p>\n\n\n\n<p class=\"wp-block-paragraph\">Der Neider ist stets arm. Ihm fehlt immer etwas, das ihm nie jemand gestohlen hat.<\/p>\n\n\n\n<p class=\"wp-block-paragraph\">Ich vergleiche politische Systeme gern mit Staud\u00c3\u00a4mmen: W\u00c3\u00a4hrend in einer Demokratie immer wieder Druck vom Damm genommen wird, staut sich der Frust in Diktaturen so lange, bis der Damm in einem einzigen Knall zerbirst.<\/p>\n\n\n\n<p class=\"wp-block-paragraph\">Freud kennt ICH, \u00c3\u0153BER-ICH, und ES: Vom ES h\u00c3\u00b6rt man in ES-Oterischen ES-Says \u00c3\u00bcber ES-Kalierende ES-Kapaden im ES-Tablishment und man liest von ES-Verhalten, ES-Kultur, ES-Presso. Da muss ES sich nicht unter dem \u00c3\u0153BER-ICH verstecken. ES wird sogar mehr \u00c3\u0153BER-SICH und \u00c3\u0153BER-MICH geredet als \u00c3\u0153BER-ICH.<\/p>\n\n\n\n<p class=\"wp-block-paragraph\">Zur Lage der SPD: Herz fressen Hirn.&nbsp;<\/p>\n\n\n\n<p class=\"wp-block-paragraph\">Vom Hoffnungstr\u00c3\u00a4ger zu tr\u00c3\u00a4ger Hoffnung: \u00e2\u20ac\u017eJa\u00e2\u20ac\u0153 der SPD zum Meuchelmord an Martin Schulz. Aber Schulz ist ein ehrenwerter Mann.<\/p>\n\n\n\n<p class=\"wp-block-paragraph\">Einen \u00c3\u0153berflieger unter den F\u00c3\u00bchrungskr\u00c3\u00a4ften kann man f\u00c3\u00bcr sein \u00e2\u20ac\u017eLeitwerk\u00e2\u20ac\u0153 loben.<\/p>\n\n\n\n<p class=\"wp-block-paragraph\">Schon ein Jahr herrscht der Donald Trump, \/ kein feiner Kerl, eher ein Lump. \/ Da staunt man, wo man\u00e2\u20ac\u2122s heute hat: \/ das Lumpenproletariat.<\/p>\n\n\n\n<p class=\"wp-block-paragraph\">Man sagt: Geistig fit bleibt man l\u00c3\u00a4nger jung \u00e2\u20ac\u201c Fragt sich nur, ob man diese Welt geistig fit noch so lange ertr\u00c3\u00a4gt.<\/p>\n\n\n\n<p class=\"wp-block-paragraph\">Junge syrische Migranten \u00c3\u00a4u\u00c3\u0178ern im Radio-Interview, dass alle&nbsp;<em>Ungl\u00c3\u00a4ubigen<\/em>&nbsp;ihnen Respekt schulden. \u00e2\u20ac\u201c Da kann ich nur ungl\u00c3\u00a4ubig staunen: Sie kommen in dieses Land, weil es in ihrem nicht klappt und f\u00c3\u00bchlen sich \u00c3\u00bcberlegen?! Herr, schmei\u00c3\u0178 Hirn vom Himmel, da kann der Glaube nicht mehr helfen!<\/p>\n\n\n\n<p class=\"wp-block-paragraph\">Beim FC Bayern hat man viel Verstand, aber wenig Herz; bei Borussia Dortmund hat man gen\u00c3\u00bcgend Verstand und gen\u00c3\u00bcgend Herz; beim FC Schalke 04 hat man viel, viel Herz, aber wenig Verstand.<\/p>\n\n\n\n<p class=\"wp-block-paragraph\">Fehlt einem der Arsch in der Hose, bleibt nur das Arschloch \u00c3\u00bcbrig.<\/p>\n\n\n\n<p class=\"wp-block-paragraph\">Angebotsverh\u00c3\u00a4ltnis Frauen\/M\u00c3\u00a4nner in unserer City: W\u00c3\u00a4schel\u00c3\u00a4den 4\/1; Modeh\u00c3\u00a4user 3\/1; Model\u00c3\u00a4den 4\/1; Schuhl\u00c3\u00a4den 3\/1; Kinderl\u00c3\u00a4den w3\/m2; Schmuck 9\/1. Hat Frau da je einen Mann nach \u00e2\u20ac\u017eGleichstellung\u00e2\u20ac\u0153 rufen h\u00c3\u00b6ren? Vieles, was nach Benachteiligung aussieht, ist schlicht Marktwirtschaft. Und da ist \u00e2\u20ac\u017egerecht\u00e2\u20ac\u0153 das Ergebnis freiwilliger \u00c3\u0153bereinkunft.<\/p>\n\n\n\n<p class=\"wp-block-paragraph\">Fr\u00c3\u00bcher machte nur der Fr\u00c3\u00bchling \u00c3\u00a4lter. Da rechnete man das Alter nach Lenzen.&nbsp;<\/p>\n\n\n\n<p class=\"wp-block-paragraph\">Er: Hat keiner angebissen? \u00e2\u20ac\u201c Ich: Ich f\u00c3\u00bchle mich da wie ein Angler. Ich beantworte keine Fangfragen.<\/p>\n\n\n\n<p class=\"wp-block-paragraph\">Ich bekam jahrelang einen Dessous-Katalog aus \u00c3\u2013sterreich unter \u00e2\u20ac\u017eFrau Elschen Rainer\u00e2\u20ac\u0153. Ich habe nie etwas gekauft.<\/p>\n\n\n\n<p class=\"wp-block-paragraph\">Ihr Verh\u00c3\u00a4ltnis zur Wahrheit dr\u00c3\u00bcckt die Presse auch damit aus, wie sie Widerrufe oder Korrekturen abdruckt: Ganz klein und in der hintersten Ecke.<\/p>\n\n\n\n<p class=\"wp-block-paragraph\">Ein wenig polnisches Blut flie\u00c3\u0178t auch in meinen Adern. Da k\u00c3\u00b6nnte es sein, dass jemand nach Polen meldet, dass ich mich daf\u00c3\u00bcr fremdsch\u00c3\u00a4me, dass Polen nach Polen melden sollen, wenn sich einer f\u00c3\u00bcr Polen sch\u00c3\u00a4mt. Sch\u00c3\u00a4men sollten die sich!<\/p>\n\n\n\n<p class=\"wp-block-paragraph\">Vorbei ist Olympia und das \u00e2\u20ac\u017eEs sind noch 500 Meter, zwei Runden oder zehn Minuten ZU GEHEN\u00e2\u20ac\u0153 unserer Reporter, wo doch KEINE(R) \u00e2\u20ac\u017eGEHT\u00e2\u20ac\u0153; sondern L\u00c3\u201eUFT, F\u00c3\u201eHRT oder SPRINGT. Warum \u00e2\u20ac\u017e\u00c3\u00bcbersetzen\u00e2\u20ac\u0153 sie den \u00e2\u20ac\u017eDouble Tail Grab\u00e2\u20ac\u0153 beim Snow-Board (Schneebrett) nicht gleich mit \u00e2\u20ac\u017eDoppelter Schwanzgriff\u00e2\u20ac\u0153? Michael Jackson konnte den sogar mehrfach.<\/p>\n\n\n\n<p class=\"wp-block-paragraph\">Das Sch\u00c3\u00b6nste am Winter ist der Fr\u00c3\u00bchling danach.<\/p>\n\n\n\n<p class=\"wp-block-paragraph\">Bei den MinisterInnen wird derzeit nur \u00c3\u00bcber eins gesprochen: ihr Geschlecht. St\u00c3\u00bcnde Kompetenz vornan, g\u00c3\u00a4be es Parit\u00c3\u00a4t nur zuf\u00c3\u00a4llig. Parit\u00c3\u00a4t sollte man daher misstrauen: Es geh\u00c3\u00b6rt zur Verbl\u00c3\u00b6dung dieser Gesellschaft, zwischen die Beine zu sehen, wo der Blick zwischen die Ohren angezeigt w\u00c3\u00a4re. Das ist Sexismus pur, auch wenn das Gegenteil behauptet wird.<\/p>\n\n\n\n<p class=\"wp-block-paragraph\">Ein alter Hase wei\u00c3\u0178 fast alles. Doch fragt man ihn nach seinem Namen, nennt er sich Hase und wei\u00c3\u0178 von Nichts.&nbsp;<\/p>\n\n\n\n<p class=\"wp-block-paragraph\">Der Islam geh\u00c3\u00b6rt zu Deutschland \u00e2\u20ac\u201c Der Islam geh\u00c3\u00b6rt nicht zu Deutschland: Die einen sagen so, die anderen so. Hoffentlich ist man sich wenigstens bei zwei Dingen einig: 1. Muslime geh\u00c3\u00b6ren zu Deutschland. Und 2. Deutschland geh\u00c3\u00b6rt nicht zum Islam. Jedenfalls noch nicht, wie manche sp\u00c3\u00b6tteln m\u00c3\u00b6gen.<\/p>\n\n\n\n<p class=\"wp-block-paragraph\">Aufregung: Heino singt auch Lieder aus dem SS-Liederbuch. \u00e2\u20ac\u201c Nat\u00c3\u00bcrlich k\u00c3\u00b6nnen die alten Lieder etwas daf\u00c3\u00bcr, dass die SS sie vereinnahmt hat. So wie die deutsche Sprache, die ich immer noch spreche. \u00e2\u20ac\u201c Merke: Es kommt nicht darauf an, sie nicht zu verwenden, sondern zu besserem Zweck!<\/p>\n\n\n\n<p class=\"wp-block-paragraph\">Schlagzeile \u00e2\u20ac\u017eMann droht Frau mit Messer\u00e2\u20ac\u0153. \u00e2\u20ac\u201c Wer hat hier das Messer? Offenbar die Frau. Der Mann droht ihr vielleicht: \u00e2\u20ac\u017eLass es fallen! Doch dann der Artikel: Darin wird die Frau von einem Mann mit dem Messer bedroht und sie ist ganz ohne Messer, die \u00e2\u20ac\u017eFrau mit Messer\u00e2\u20ac\u0153. Erstaunlich!<\/p>\n\n\n\n<p class=\"wp-block-paragraph\">Naturkonstante: Je besser der Spiegel, umso schlechter sehe ich aus.<\/p>\n\n\n\n<p class=\"wp-block-paragraph\">Man hei\u00c3\u0178t jeden Esel willkommen, wenn er mit Gold beladen ist. Da st\u00c3\u00b6rt es auch nicht, wenn er nach Geld stinkt.<\/p>\n\n\n\n<p class=\"wp-block-paragraph\">Ich bin wie der FC Schalke 04: Auf Kohle geboren. Doch es ist die falsche Kohle. Und damit meine ich nicht, dass sie schwarz ist.&nbsp;<\/p>\n\n\n\n<p class=\"wp-block-paragraph\">Nat\u00c3\u00bcrlich haben wir keine L\u00c3\u00bcgenpresse. Sie filtert nur allzu oft Tatsachen durch die Brille politischer Korrektheit und vermengt sie mit (gut gemeinten) Werturteilen. So entgehen uns vor lauter politischer Korrektheit etwa Nationalismus und Rassismus der Nicht-Deutschen.<\/p>\n\n\n\n<p class=\"wp-block-paragraph\">Ostern und auch Western \/ kennt man nicht seit gestern. \/ Nordern, S\u00c3\u00bcdern, zwar verwandt, \/ sind dagegen unbekannt. \/ Was ist der Grund f\u00c3\u00bcr diese St\u00c3\u00b6rung? \/ Ich wei\u00c3\u0178 genau: eine Verschw\u00c3\u00b6rung. \/ Die Wahrheit ist wie immer schlicht: \/ Da passt jemand die Richtung nicht.<\/p>\n\n\n\n<p class=\"wp-block-paragraph\">O Stern, Du Licht der Weihnachtszeit; \/ Ostern ist Fr\u00c3\u00bchling weit und breit. \/ Das Gold vom Stern, vom Ei das Gelbe: \/ Es ist doch alles fast dasselbe.<\/p>\n\n\n\n<p class=\"wp-block-paragraph\">\u00e2\u20ac\u017eDas h\u00c3\u00b6rt sich ja gut an\u00e2\u20ac\u0153, sagte einer nach stillem Studium der Speisekarte. Dabei hatte er nicht mal vorgelesen. Man isst ja mit den Augen. Doch mit den Ohren? Wenn man es nicht mal ausspricht?<\/p>\n\n\n\n<p class=\"wp-block-paragraph\">Einer f\u00c3\u00a4hrt in eine Menschenmenge: Terrorist, wenn Muslim; \u00e2\u20ac\u017enur\u00e2\u20ac\u0153 Psycho, wenn keiner? Dieselbe Tat, zwei Ma\u00c3\u0178st\u00c3\u00a4be, sagen Muslime, die sich als Opfer f\u00c3\u00bchlen. \u00e2\u20ac\u201c 1. Psychos sind BEIDE. 2. \u00e2\u20ac\u017ePsychos\u00e2\u20ac\u0153 morden nur f\u00c3\u00bcr \u00e2\u20ac\u017esich selbst\u00e2\u20ac\u0153; der Terrorist beruft sich auf eine Ideologie oder Religion. 3. Soweit Nicht-Muslime das tun, sind auch sie Terroristen. Dieselben Ma\u00c3\u0178st\u00c3\u00a4be. Kein Grund f\u00c3\u00bcr Opfergef\u00c3\u00bchle.<\/p>\n\n\n\n<p class=\"wp-block-paragraph\">Dass unsere Nachrichten so stark von Fakes belastet sind, liegt weniger an der L\u00c3\u00bcgenpresse, sondern an deren Ersatz durch die \u00e2\u20ac\u017esozialen Medien\u00e2\u20ac\u0153, wo jeder Idiot Nachrichten kreieren kann, sogar Pr\u00c3\u00a4sidenten und Russen-Trolle. Und weil die fremden Nachrichten mit allen Abwassern gewaschen sind, nennt man sie \u00e2\u20ac\u017eFake-alien\u00e2\u20ac\u0153 oder Sprach-F\u00c3\u00a4kalien.<\/p>\n\n\n\n<p class=\"wp-block-paragraph\">G\u00c3\u00a4steliste bei Allesfressern: Steht da nur ein einziger Vegetarier oder Veganer, wird ein vegetarisches oder veganes Angebot gemacht. \u00e2\u20ac\u201c Bei Vegetariern oder Veganern: Ich habe nie erlebt, dass da ein Fleisch-Angebot f\u00c3\u00bcr Allesfresser gemacht wird, selbst dann nicht, wenn diese die Mehrheit bilden.<\/p>\n\n\n\n<p class=\"wp-block-paragraph\">Er: Ich kann vorm Fernseher gut abschalten. \u00e2\u20ac\u201c Ich: Ich kann vorm Fernseher nicht abschalten, weil ich dann angeschaltet habe. Schalte ich ab, sitze ich nicht mehr vorm Fernseher.<\/p>\n\n\n\n<p class=\"wp-block-paragraph\">Nie gab es so viele autorit\u00c3\u00a4re Ideologien. Und doch wollen manche mir erz\u00c3\u00a4hlen, die gr\u00c3\u00b6\u00c3\u0178te Gefahr sei der (Neo-)Liberalismus, nicht die religi\u00c3\u00b6sen, \u00c3\u00b6kologischen oder politischen Heilsphilosophien, die im totalit\u00c3\u00a4ren \u00c3\u0153berwachungsstaat enden.<\/p>\n\n\n\n<p class=\"wp-block-paragraph\">Nat\u00c3\u00bcrlich gibt es eine Kopftuchdiskussion unter Muslimen: Im Iran wurde wieder eine Frau wegen eines falsch sitzenden Kopftuchs verpr\u00c3\u00bcgelt .Muslime in Deutschland tun aber oft so, als habe erst der Deutsche diese Diskussion vom Zaun gebrochen, sie finde ohne ihn gar nicht statt und sei Zeichen von Islamophobie und Rassismus.&nbsp;<\/p>\n\n\n\n<p class=\"wp-block-paragraph\">Du gehst heute als Jude durch Berlins Stra\u00c3\u0178en, wirst attackiert und die Welt denkt \u00e2\u20ac\u017eWieder mal Berlin\u00e2\u20ac\u0153, \u00e2\u20ac\u017eWieder mal die Deutschen\u00e2\u20ac\u0153. Und dann siehst Du, dass es ganz \u00e2\u20ac\u017eandere Deutsche\u00e2\u20ac\u0153 sind. Die kommen nicht aus, vielleicht aber \u00c3\u00bcber \u00c3\u2013sterreich.<\/p>\n\n\n\n<p class=\"wp-block-paragraph\">Es gibt Leute, nach deren Antwort wei\u00c3\u0178 ich nicht mehr, was ich sie gefragt habe. W\u00c3\u00a4re das nicht auch ein Eignungstest f\u00c3\u00bcr Politiker?<\/p>\n\n\n\n<p class=\"wp-block-paragraph\">In der T\u00c3\u00bcrkei ist der Ausnahmezustand nun Regelzustand. Der neue Ausnahmezustand hie\u00c3\u0178e dort Demokratie: Die w\u00c3\u00a4re wirklich mal eine Ausnahme.<\/p>\n\n\n\n<p class=\"wp-block-paragraph\">Beklage ich die Diskriminierung \u00e2\u20ac\u017evon\u00e2\u20ac\u0153 Muslimen, beklage ich die Diskriminierung \u00e2\u20ac\u017eder\u00e2\u20ac\u0153 Muslime oder die Diskriminierung \u00e2\u20ac\u017edurch\u00e2\u20ac\u0153 Muslime. Muslime beklagen sich oft \u00c3\u00bcber Diskriminierung, fast nur \u00c3\u00bcber ihre, fast nie \u00c3\u00bcber die anderer \u00e2\u20ac\u017edurch\u00e2\u20ac\u0153 sie. Doch ein Problem ist BEIDES.<\/p>\n\n\n\n<p class=\"wp-block-paragraph\">Warum traut Ihr Euch nur, DEUTSCHE Idioten so zu nennen? Glaubt Ihr, Syrer unter sich kennen keine Idioten? \u00e2\u20ac\u201c Ah! Ihr wollt nicht \u00e2\u20ac\u017eRassisten\u00e2\u20ac\u0153 genannt werden! Aber Idiot ist Idiot. Da spielt Herkunft keine Rolle. Tut sie es, dann ist das Rassismus. Ihr seid also Rassisten aus Selbstbetrug und Feigheit. Zum Nicht-Rassisten fehlen Euch Ehrlichkeit und Mut.<\/p>\n\n\n\n<p class=\"wp-block-paragraph\">Nachdem die Moore auf dem Land ausgetrocknet sind, versumpfen die Menschen zunehmend in den Feuchtgebieten der Gro\u00c3\u0178st\u00c3\u00a4dte.<\/p>\n\n\n\n<p class=\"wp-block-paragraph\">Das Komma entscheidet: Der&nbsp;<em>brave<\/em>&nbsp;Mann denkt an sich selbst&nbsp;<em>zuletzt<\/em>. Und wie ist es beim&nbsp;<em>klugen<\/em>&nbsp;Mann? Der kluge Mann denkt an&nbsp;<em>sich<\/em>, selbst zuletzt?<\/p>\n\n\n\n<p class=\"wp-block-paragraph\">Vorgestern war \u00e2\u20ac\u017eBr\u00c3\u00bcckentag\u00e2\u20ac\u0153. Mein Zahnarzt hatte geschlossen. Dabei dachte ich der Br\u00c3\u00bcckentag sei eine Erfindung der Zahn\u00c3\u00a4rzte.<\/p>\n\n\n\n<p class=\"wp-block-paragraph\">Profifu\u00c3\u0178baller sind wie Esel, die sich vor den Karren ihrer Berater spannen lassen.<\/p>\n\n\n\n<p class=\"wp-block-paragraph\">Das Problem ungenauer Prognosen ist, dass die Fragen zu fr\u00c3\u00bch gestellt werden und die Antwort zu fr\u00c3\u00bch erwartet wird. Merke: Mit mehr Geduld w\u00c3\u00bcrden alle Prognosen richtig!<\/p>\n\n\n\n<p class=\"wp-block-paragraph\">Jetzt beruft sich \u00e2\u20ac\u017eSultan Erdo\u00c7\u00a7an\u00e2\u20ac\u0153 bei der Forderung nach Wahlkampfauftritten t\u00c3\u00bcrkischer Politiker in Deutschland auf die Demokratie, die er in der T\u00c3\u00bcrkei abgeschafft hat. Welch ein \u00c3\u00bcbler Scherz!<\/p>\n\n\n\n<p class=\"wp-block-paragraph\">Einsamkeit kann nur ertragen, wer mit sich selbst Zusammensein mag und dabei immer wieder Neues entdeckt. Langeweiler ertragen keine Einsamkeit.<\/p>\n\n\n\n<p class=\"wp-block-paragraph\">Erst macht uns Fett krank, dann rotes Fleisch, Alkohol, Zucker, jetzt sind es Grilld\u00c3\u00a4mpfe. In Wahrheit machen Hunger und Durst viel mehr Menschen krank. Und die ewigen Mahnungen machen das Leben unfrei, bringen schlechte Laune und verk\u00c3\u00bcrzen es viel mehr als zwei L\u00c3\u00b6ffel Zucker im Gl\u00c3\u00bcck.&nbsp;<\/p>\n\n\n\n<p class=\"wp-block-paragraph\">Ich lese: EU will Strohhalme verbieten. Ich denke: Wollen die bei der EU jetzt ihren Hirninhalt l\u00c3\u00b6schen? Doch das Stroh ist noch im Hirn, aber bei der Presse. Was die EU verbieten will, sind nicht&nbsp;<em>Stroh<\/em>halme, sondern&nbsp;<em>Trink<\/em>halme aus PLASTIK: \u00e2\u20ac\u017eHerr, schmei\u00c3\u0178 Hirn vom Himmel! Und gib die Journaille widder die richtigen W\u00c3\u00b6rters!\u00e2\u20ac\u0153<\/p>\n\n\n\n<p class=\"wp-block-paragraph\">Senke ich den Bildungsstand allgemein, gibt es weniger Unterschiede und mehr \u00e2\u20ac\u017esoziale Bildungsgerechtigkeit\u00e2\u20ac\u0153. Dann stehen wir in der OECD-Statistik besser da (wie einige L\u00c3\u00a4nder, bei denen das so ist) und die Linke freut sich \u00c3\u00bcber das Erreichen des Gerechtigkeitsziels.<\/p>\n\n\n\n<p class=\"wp-block-paragraph\">Die inflation\u00c3\u00a4re Verwendung des Wortes \u00e2\u20ac\u017ePopulismus\u00e2\u20ac\u0153 ist mir zu populistisch.&nbsp;<\/p>\n\n\n\n<p class=\"wp-block-paragraph\">Nachdem ein Computer Italien j\u00c3\u00bcngst vorzeitig zum Weltmeister 2018 gemacht hat, behaupte ich: Schalke wird Meister. Und ich sage nicht mal wann.<\/p>\n\n\n\n<p class=\"wp-block-paragraph\">Bevor jemand \u00e2\u20ac\u017eBeschuldigTER\u00e2\u20ac\u0153 wird, ist er doch \u00e2\u20ac\u017eVerd\u00c3\u00a4chtigTER\u00e2\u20ac\u0153? \u00e2\u20ac\u201c Zeitungen kennen zwar den \u00e2\u20ac\u017eBeschuldigTEN\u00e2\u20ac\u0153, aber nicht den \u00e2\u20ac\u017eVerd\u00c3\u00a4chtigTEN\u00e2\u20ac\u0153. Den machen sie zum \u00e2\u20ac\u017eVerd\u00c3\u00a4chtigEN\u00e2\u20ac\u0153. Deutsche Sprache???<\/p>\n\n\n\n<p class=\"wp-block-paragraph\">Diesel-Fahrverbot in Hamburg: nicht f\u00c3\u00bcr Schiffe, die millionenfach mehr NOx aussto\u00c3\u0178en. Zwei Stra\u00c3\u0178en gesperrt f\u00c3\u00bcr \u00e2\u20ac\u017eschmutzige Diesel\u00e2\u20ac\u0153: Umwege und l\u00c3\u00a4ngere Fahrtzeiten gerade f\u00c3\u00bcr \u00e2\u20ac\u017eDreckschleudern\u00e2\u20ac\u0153. Also MEHR Dreck! Doch gleichm\u00c3\u00a4\u00c3\u0178iger verteilt! SO werden Grenzwerte eingehalten. Bravo!???<\/p>\n\n\n\n<p class=\"wp-block-paragraph\">Viele Unternehmungen im Ruhrgebiet wurden und werden von D\u00c3\u00bcsseldorf aus verwaltet. Die D\u00c3\u00bcsseldorfer wollten schon immer den L\u00c3\u00b6wenanteil von ihrem Senf dazugeben.<\/p>\n\n\n\n<p class=\"wp-block-paragraph\">Ein Gr\u00c3\u00bcnder sollte kein Anf\u00c3\u00a4nger sein, sondern ein Beginner.<\/p>\n\n\n\n<p class=\"wp-block-paragraph\">Durch schlechte Laune verbessert man sicher nichts, durch gute vielleicht etwas.<\/p>\n\n\n\n<p class=\"wp-block-paragraph\">Ohne PowerPoint zur\u00c3\u00bcck in die Kreidezeit: Nur ein Tafelanschrieb mit Kreide an einer amerikanischen Universit\u00c3\u00a4t und war ein Dino.<\/p>\n\n\n\n<p class=\"wp-block-paragraph\">Da trennen US-Amerikaner Kinder an der Grenze zu Mexiko von ihren Eltern und stellen es als Akt der Menschlichkeit dar. Schlie\u00c3\u0178lich m\u00c3\u00bcssen die Kinder nicht mit ihren Eltern in den Knast.&nbsp;<\/p>\n\n\n\n<p class=\"wp-block-paragraph\">Ein Trotzkopf hei\u00c3\u0178t \u00e2\u20ac\u017eTrotzkopf\u00e2\u20ac\u0153, weil er trotz Kopf mit dem Bauch denkt.<\/p>\n\n\n<p style=\"text-align: left;\"><span style=\"font-size: =;\"><a href=\"http:\/\/www.neschle.de\/download-manager.php?id=248\">PDF-Datei<\/a><span style=\"font-size: small;\"><br>This post was downloaded by <!--downloads(248)-->people until now.<\/span><\/span><\/p>\n<p>&#8211;&gt;<\/p>","protected":false},"excerpt":{"rendered":"<p>Das Buch der Spr\u00c3\u00bcche: Teil 23 Wer \u00c3\u00b6fter etwas anderes tut als er sagt, dem geht es nie um das, was er sagt. Was einer dummen Gans schwant, ist meist eine Ente. Nicht nur gescheiterte S\u00c3\u00a9ancen enden in geistlosen Tischgespr\u00c3\u00a4chen.<\/p>\n","protected":false},"author":1,"featured_media":0,"comment_status":"open","ping_status":"closed","sticky":false,"template":"","format":"standard","meta":{"footnotes":""},"categories":[5,4],"tags":[101,102,105],"class_list":["post-1503","post","type-post","status-publish","format-standard","hentry","category-bucher","category-blog","tag-buch","tag-sprueche","tag-xing"],"_links":{"self":[{"href":"https:\/\/neschle.de\/index.php\/wp-json\/wp\/v2\/posts\/1503","targetHints":{"allow":["GET"]}}],"collection":[{"href":"https:\/\/neschle.de\/index.php\/wp-json\/wp\/v2\/posts"}],"about":[{"href":"https:\/\/neschle.de\/index.php\/wp-json\/wp\/v2\/types\/post"}],"author":[{"embeddable":true,"href":"https:\/\/neschle.de\/index.php\/wp-json\/wp\/v2\/users\/1"}],"replies":[{"embeddable":true,"href":"https:\/\/neschle.de\/index.php\/wp-json\/wp\/v2\/comments?post=1503"}],"version-history":[{"count":4,"href":"https:\/\/neschle.de\/index.php\/wp-json\/wp\/v2\/posts\/1503\/revisions"}],"predecessor-version":[{"id":1507,"href":"https:\/\/neschle.de\/index.php\/wp-json\/wp\/v2\/posts\/1503\/revisions\/1507"}],"wp:attachment":[{"href":"https:\/\/neschle.de\/index.php\/wp-json\/wp\/v2\/media?parent=1503"}],"wp:term":[{"taxonomy":"category","embeddable":true,"href":"https:\/\/neschle.de\/index.php\/wp-json\/wp\/v2\/categories?post=1503"},{"taxonomy":"post_tag","embeddable":true,"href":"https:\/\/neschle.de\/index.php\/wp-json\/wp\/v2\/tags?post=1503"}],"curies":[{"name":"wp","href":"https:\/\/api.w.org\/{rel}","templated":true}]}}