{"id":1478,"date":"2020-12-02T20:43:36","date_gmt":"2020-12-02T19:43:36","guid":{"rendered":"https:\/\/neschle.de\/?p=1478"},"modified":"2020-12-02T20:47:15","modified_gmt":"2020-12-02T19:47:15","slug":"1478","status":"publish","type":"post","link":"https:\/\/neschle.de\/index.php\/blog\/1478\/","title":{"rendered":"Leon Neschle<sup>&copy;<\/sup>"},"content":{"rendered":"\n<h2 class=\"wp-block-heading\"><span style=\"color:#4f81bd\" class=\"tadv-color\"><strong>Das Buch der Spr\u00c3\u00bcche<\/strong>: <strong>Teil 20<\/strong><\/span><\/h2>\n\n\n\n<p class=\"wp-block-paragraph\">Den schlechten Witz kritisieren am ehesten die, die selbst nie einen Witz zustande bringen, nicht mal einen schlechten.<\/p>\n\n\n\n<p class=\"wp-block-paragraph\">Die Aussage \u00e2\u20ac\u017eAls wir noch d\u00c3\u00bcnner waren, standen wir uns n\u00c3\u00a4her\u00e2\u20ac\u0153 ist verwunderlich. Die physikalischen Gesetze der Massenanziehung lassen das Gegenteil vermuten.<\/p>\n\n\n\n<p class=\"wp-block-paragraph\">Auch wer seine Liebe nicht erkl\u00c3\u00a4ren kann, kann eine Liebeserkl\u00c3\u00a4rung machen. Da ist es bei der Liebe und wie bei der Steuer.<\/p>\n\n\n\n<!--more-->\n\n\n\n<p class=\"wp-block-paragraph\">W\u00c3\u00bcrde bei uns \u00e2\u20ac\u017eAuge um Auge, Zahn um Zahn\u00e2\u20ac\u0153 gelten, k\u00c3\u00b6nnten unsere Augen\u00c3\u00a4rzte nicht mehr sehen und unsere Zahn\u00c3\u00a4rzte ihren Beruf nur noch mit leerem Mund aus\u00c3\u00bcben. Aber volle Taschen h\u00c3\u00a4tten sie wohl immer noch.&nbsp;<\/p>\n\n\n\n<p class=\"wp-block-paragraph\">Kann man \u00c3\u00bcber einen Witz nicht lachen, dann ist es ein Witz, dass es ein Witz sein sollte: Und dar\u00c3\u00bcber kann man jetzt wieder lachen.<\/p>\n\n\n\n<p class=\"wp-block-paragraph\">Paradox: Sollen sich Fl\u00c3\u00bcchtlinge und Asylbewerber wirklich zu einer Verfassung bekennen, die von denen verleugnet wird, die ihre Behausungen anz\u00c3\u00bcnden?<\/p>\n\n\n\n<p class=\"wp-block-paragraph\">Jeder Unhold wird heute aufgefordert, sich zu entschuldigen, entschuldigt sich und gut ist\u00e2\u20ac\u02dcs. Dabei ist es eine Dreistigkeit,&nbsp;<em>sich selbst<\/em>&nbsp;zu entschuldigen. Man kann nur andere um Entschuldigung bitten und von ihnen entschuldigt werden. Entschuldigung bitte, aber das musste ich loswerden.<\/p>\n\n\n\n<p class=\"wp-block-paragraph\">W\u00c3\u00bcrde ein Mann aus Essen von sich selbst reden wie ein Bremer, der kein Bremener ist, w\u00c3\u00bcrde er behaupten, er sei kein Essener, sondern ein Esser.<\/p>\n\n\n\n<p class=\"wp-block-paragraph\">Zeit gewinnt man nicht in der Lotterie, sondern nur mit Zeit und Arbeit.<\/p>\n\n\n\n<p class=\"wp-block-paragraph\">Alte Ruhrgebietsweisheit: Ich bin nich am Denken, also kann ich nich sein.<\/p>\n\n\n\n<p class=\"wp-block-paragraph\">Paradox: Ist einer aktenkundig geworden, kann er kein Beamter werden.<\/p>\n\n\n\n<p class=\"wp-block-paragraph\">Da denken Leute \u00c3\u00bcber einen Gottesstaat nach, denen es nicht mal gelingt, einen menschlichen zu schaffen.<\/p>\n\n\n\n<p class=\"wp-block-paragraph\">Unter \u00e2\u20ac\u017eMusik laden\u00e2\u20ac\u0153 konnte man sich fr\u00c3\u00bcher nichts vorstellen, heute nicht mehr unter \u00e2\u20ac\u017eMusikladen\u00e2\u20ac\u0153 (alte Fernsehsendung).<\/p>\n\n\n\n<p class=\"wp-block-paragraph\">Man muss Multi-Kulti zugutehalten, dass Deutschland dadurch kulinarisiert wurde.<\/p>\n\n\n\n<p class=\"wp-block-paragraph\">Wir werden st\u00c3\u00a4ndig aufgefordert, uns offen zu zeigen gegen\u00c3\u00bcber dem Neuen, selbst wenn es schlecht sein sollte. Aber wer ist noch offen f\u00c3\u00bcr das Alte, selbst wenn es gut ist?<\/p>\n\n\n\n<p class=\"wp-block-paragraph\">Mich w\u00c3\u00bcrde es nicht wundern, wenn Donald Trump Pr\u00c3\u00a4sidentschaftskandidat wird. Schlie\u00c3\u0178lich haben wir das Jahr des Affen.<\/p>\n\n\n\n<p class=\"wp-block-paragraph\">Think Big! Denke gro\u00c3\u0178, lautet die Maxime von Donald Trump. Doch wie kann man GROSS denken, wenn man nicht einmal gro\u00c3\u0178 DENKT?<\/p>\n\n\n\n<p class=\"wp-block-paragraph\">Schalke d\u00c3\u00bcmpelt herum, weil der Trainer \u00e2\u20ac\u017eBreitenreiter\u00e2\u20ac\u0153 hei\u00c3\u0178t, nicht \u00e2\u20ac\u017eSpitzenreiter\u00e2\u20ac\u0153.<\/p>\n\n\n\n<p class=\"wp-block-paragraph\">Ich habe gesehen, wie ein Gnu einen L\u00c3\u00b6wen in die Flucht schl\u00c3\u00a4gt. Jetzt ist mir klar, warum Schluss ist, wenn ein Bayer sagt \u00e2\u20ac\u017eJezz is Gnu!\u00e2\u20ac\u0153<\/p>\n\n\n\n<p class=\"wp-block-paragraph\">Ein Rennen: Alles rennt und alles wetzt. \/ Doch was sagt der Reporter jetzt? \/ Er sagt \u00e2\u20ac\u017eZwei Runden noch zu GEHEN\u00e2\u20ac\u0153. \/ Das w\u00c3\u00a4r\u00e2\u20ac\u02dc ja fast, als ob sie stehen. \/ Sein Denglish ist\u00e2\u20ac\u2122s, was doppelt nervt, \/ weil\u00e2\u20ac\u02dcs hier auch noch den Sinn entsch\u00c3\u00a4rft.<\/p>\n\n\n\n<p class=\"wp-block-paragraph\">Ratgeber gibt\u00e2\u20ac\u2122s f\u00c3\u00bcr jeden Zweck, \/ f\u00c3\u00bcr alles Sch\u00c3\u00b6ne, jeden Dreck. \/ Sogar zum Ratgeber-Gebrauch \/ gibt\u00e2\u20ac\u2122s heute Ratgeber l\u00c3\u00a4ngst auch. \/ Nur ein Ratgeber lie\u00c3\u0178 mich stutzen, \/ er riet mir ab, sie zu benutzen.<\/p>\n\n\n\n<p class=\"wp-block-paragraph\">Vergehen gegen sich selbst nehmen zu: Ratgeber- und App-Kultur machen die Menschen unf\u00c3\u00a4hig, auf sich selbst zu achten. Das Gef\u00c3\u00bchl f\u00c3\u00bcr den eigenen Geist und K\u00c3\u00b6rper ersetzen sie durch App-Messwerte und fremde Ratschl\u00c3\u00a4ge.<\/p>\n\n\n\n<p class=\"wp-block-paragraph\">Reaktion von Anni Roolf. \u00e2\u20ac\u017ePassendes Zitat: &#8222;Habe ich ein Buch, das f\u00c3\u00bcr mich Verstand hat, einen Seelsorger, der f\u00c3\u00bcr mich Gewissen hat, einen Arzt, der f\u00c3\u00bcr mich die Di\u00c3\u00a4t beurteilt, u.s.w. so brauche ich mich ja nicht selbst zu bem\u00c3\u00bchen. Ich habe nicht n\u00c3\u00b6tig zu denken, wenn ich nur bezahlen kann, andere werden das verdrie\u00c3\u0178liche Gesch\u00c3\u00a4ft schon f\u00c3\u00bcr mich \u00c3\u00bcbernehmen.&#8220; (Immanuel Kant)<\/p>\n\n\n\n<p class=\"wp-block-paragraph\">Im Waldfriedhof der toten B\u00c3\u00a4ume, \/ da drohten einst nur leere R\u00c3\u00a4ume. \/ Die W\u00c3\u00a4lder sterben, man war sicher; \/ kein Platz f\u00c3\u00bcr Zweifel und Gekicher. \/ Seh\u00e2\u20ac\u02dc ich sie dennoch heut die B\u00c3\u00a4ume, \/ bin ich nicht sicher, ob ich tr\u00c3\u00a4ume.<\/p>\n\n\n\n<p class=\"wp-block-paragraph\">Logik(?) der Gesetzgebung: Verkehrsdelikt = Strafe. Verkehrsdelikt + Drogeneinfluss = h\u00c3\u00b6here Strafe. Gewaltdelikt = Strafe. Gewaltdelikt + Drogeneinfluss = niedrigere Strafe.<\/p>\n\n\n\n<p class=\"wp-block-paragraph\">Journalisten k\u00c3\u00b6nnen den ganzen Tag im Unrat w\u00c3\u00bchlen. Doch schmutzig werden nur die anderen.<\/p>\n\n\n\n<p class=\"wp-block-paragraph\">Da wurde gerade ein Herr Islam bei Facebook herausgeworfen. Ob das Frau Christ demn\u00c3\u00a4chst auch passiert?<\/p>\n\n\n\n<p class=\"wp-block-paragraph\">Unsere Gesellschaft funktioniert anders als ein Geb\u00c3\u00a4ude. Ihr Fundament ist die Mittelschicht. Unter- und Oberschicht gef\u00c3\u00a4hrden gleicherma\u00c3\u0178en ihren Bestand.<\/p>\n\n\n\n<p class=\"wp-block-paragraph\">W\u00c3\u00a4re ich je stolz gewesen, Deutscher zu sein, h\u00c3\u00a4tten mir l\u00c3\u00a4ngst diejenigen diesen Stolz geraubt, die behaupten, es zu sein.<\/p>\n\n\n\n<p class=\"wp-block-paragraph\">Benutzte jeder einen perfekten L\u00c3\u00bcgendetektor, w\u00c3\u00a4re das der Tod unserer Gesellschaft. Sie braucht die L\u00c3\u00bcge als Gew\u00c3\u00bcrz, wenn auch nicht als Grundnahrungsmittel.<\/p>\n\n\n\n<p class=\"wp-block-paragraph\">Es gibt Kulturen, die finden ungerecht, wenn eine Untat unger\u00c3\u00a4cht bleibt, und nur gerecht, wenn sie ger\u00c3\u00a4cht wird. Doch in einer Friedenskultur ist gerecht, wenn eine Untat unger\u00c3\u00a4cht bleibt, aber nie ungestraft und unges\u00c3\u00bchnt.<\/p>\n\n\n\n<p class=\"wp-block-paragraph\">M\u00c3\u00bcnchen Nockherberg, Bayern, Samstagabend, Blasmusik, Starkbierfest: Saal voll, voll viele davor. Viele davon schon voll. Lederhosen- und Dirndl-\u00e2\u20ac\u017ePflicht\u00e2\u20ac\u0153. Restdeutsche und Ausl\u00c3\u00a4nder nicht integrierbar.<\/p>\n\n\n\n<p class=\"wp-block-paragraph\">AfD-Vize Gauland: Keiner von uns will einen Posten oder eine so genannte Verantwortung haben. \u00e2\u20ac\u201c \u00c3\u0153bersetzung aus dem Politischen: 1. Was ein Posten ist wissen wir. Aber Verantwortung? 2. Wir haben nicht mal die Leute, die Verantwortung \u00c3\u00bcbernehmen k\u00c3\u00b6nnen. \u00e2\u20ac\u201c Folgerung: Die Verantwortung daf\u00c3\u00bcr tr\u00c3\u00a4gt der AfD-W\u00c3\u00a4hler.<\/p>\n\n\n\n<p class=\"wp-block-paragraph\">Meldung: \u00e2\u20ac\u017eAfD-W\u00c3\u00a4hler bekennen sich nicht zu ihrer Entscheidung\u00e2\u20ac\u0153. \u00e2\u20ac\u201c Deutschland w\u00c3\u00a4hlt rechts und keiner will\u00e2\u20ac\u2122s gewesen sein? Sie sch\u00c3\u00a4men sich, genau wie ich f\u00c3\u00bcr sie.<\/p>\n\n\n\n<p class=\"wp-block-paragraph\">Der Mensch, er kann nicht alles fassen, \/ doch statt das Denken dann zu lassen, \/ muss er sich mit dem Ding befassen, \/ um aus dem Unverstand gelassen \/ ein tolles Sachbuch zu verfassen. \/ Das ist der Grund, ich sag\u00e2\u20ac\u02dc es laut, \/ warum\u00e2\u20ac\u2122s mir vor dem Sachbuch graut.<\/p>\n\n\n\n<p class=\"wp-block-paragraph\">Fr\u00c3\u00bcher gab es nur einen einzigen Ratschlag: Erkenne Dich selbst! Was willst Du, was kannst Du? \u00e2\u20ac\u201c Heute \u00c3\u00bcberfluten mich Leute, die mich nicht mal kennen mit Massen-Ratschl\u00c3\u00a4gen: Was sollst Du, was musst Du? Da kann ich aber gl\u00c3\u00bccklich sein!<\/p>\n\n\n\n<p class=\"wp-block-paragraph\">Ich w\u00c3\u00bcnsche \u00e2\u20ac\u017egute Besserung\u00e2\u20ac\u0153 und frage mich: Ist \u00e2\u20ac\u017eschlechte Besserung\u00e2\u20ac\u0153 m\u00c3\u00b6glich? Vielleicht sollte man daher \u00e2\u20ac\u017eschnelle Besserung\u00e2\u20ac\u0153 w\u00c3\u00bcnschen oder nur \u00e2\u20ac\u017eBesserung!\u00e2\u20ac\u0153?<\/p>\n\n\n\n<p class=\"wp-block-paragraph\">Wir leben schon in einer kurzatmigen Zeit und atmen noch in einer kurzlebigen.<\/p>\n\n\n\n<p class=\"wp-block-paragraph\">\u00e2\u20ac\u017eKluge Worte zu schreiben ist schwer. Nur ein einziger Buchstabendreher kann alles urinieren\u00e2\u20ac\u0153, schrieb mir jemand zu Ostern. Zum Dank w\u00c3\u00bcnschte ich ihm ein furchtbares Fest. Denn das Ei ist das Symbol der Furchtbarkeit, vor allem das hartgekochte.<\/p>\n\n\n\n<p class=\"wp-block-paragraph\">Ich lese: Die Umstellung auf die Sommerzeit bedeutet eine Stunde weniger Schlaf. \u00e2\u20ac\u201c Welch ein Unsinn! Ich schlafe so lange wie immer, wenn ich so lange schlafe wie immer, auch wenn ich beim Aufstehen feststellen muss, dass die Uhr eine Stunde sp\u00c3\u00a4ter zeigt.<\/p>\n\n\n\n<p class=\"wp-block-paragraph\">Mit einer Demonstration von Angst vor Anschl\u00c3\u00a4gen wurde in Br\u00c3\u00bcssel die Demonstration gegen die Angst abgesagt. Der Angsthase hat den Osterhasen abgel\u00c3\u00b6st<\/p>\n\n\n\n<p class=\"wp-block-paragraph\">Angsthasen sind Osterhasen, denen die Eier fehlen.<\/p>\n\n\n\n<p class=\"wp-block-paragraph\">Die Weihnacht war das Fest der Liebe \/ und Ostern ist es dann soweit, \/ es zeigen sich die ersten Triebe, \/ es kommt das Fest der Fruchtbarkeit. \/ Der Fruchtbarkeit Symbole sind, \/ der Rammler und die bunten Eier. \/ Nun, das versteht noch jedes Kind. \/ Nur eines ist mir nicht geheuer: \/ Von Eiern wei\u00c3\u0178 ich zwar nicht viel, \/ doch hartgekochte sind steril!<\/p>\n\n\n\n<p class=\"wp-block-paragraph\">Gerade zu Ostern sind Mittelalterfeste beliebt. Da sehe ich einen \u00e2\u20ac\u017emittelalterlichen Festschmaus\u00e2\u20ac\u0153 mit Enthusiasten des Mittelalters. Und was gibt es da? Kartoffeln! \u00e2\u20ac\u201c Traue nie den Geschichten \u00c3\u00bcber die Geschichte!<\/p>\n\n\n\n<p class=\"wp-block-paragraph\">Herausgeber wirtschaftswissenschaftlicher Zeitschriften geb\u00c3\u00a4rden sich wie Zuh\u00c3\u00a4lter. Sie lassen die Autoren von ihren Referenten so lange zureiten, bis sie m\u00c3\u00bcrbe sind und ihre Individualit\u00c3\u00a4t am Altar des Mainstream-Denkens geopfert haben. Das gibt dem wissenschaftlichen Fortschritt Richtung und nimmt ihm Energie, Substanz und Qualit\u00c3\u00a4t.<\/p>\n\n\n\n<p class=\"wp-block-paragraph\">Mineralwasser erzeugt bei F\u00c3\u00bchrungskr\u00c3\u00a4ften unterirdische Leistungen. Sie sollten daher nachhaltig Leitungswasser trinken.<\/p>\n\n\n\n<p class=\"wp-block-paragraph\">Ich habe eine Schmerzsalbe mit 60% Alkohol. Da h\u00c3\u00a4tte ich auch bei innerer Anwendung keine Schmerzen mehr.<\/p>\n\n\n\n<p class=\"wp-block-paragraph\">Es schrieb jemand eine Hassbotschaft ins Internet mit drei Kommas an falschen Stellen. Er setzte nicht nur die Zeichen falsch, er setzte auch die falschen Zeichen.<\/p>\n\n\n\n<p class=\"wp-block-paragraph\">Attila Hildmann hat mich \u00c3\u00bcberzeugt, durch sein Auftreten in \u00e2\u20ac\u017eLet\u00e2\u20ac\u2122s Dance\u00e2\u20ac\u0153: Vegane Kost mag gut f\u00c3\u00bcr den K\u00c3\u00b6rper sein, im Hirn erzeugt sie Beschr\u00c3\u00a4nktheit, Gro\u00c3\u0178kotzigkeit, \u00c3\u2013de und Humorlosigkeit. Retten wir mit veganer Kost den Planeten, verbl\u00c3\u00b6den wir!?<\/p>\n\n\n\n<p class=\"wp-block-paragraph\">Meldung: Erdo\u00c7\u00a7an sagte, er sei betr\u00c3\u00bcbt, dass der US-Pr\u00c3\u00a4sident ihn&nbsp;<em>hinter seinem R\u00c3\u00bccken<\/em>&nbsp;kritisiere \u00e2\u20ac\u201c Obama wusste wohl, wie Erdo\u00c7\u00a7an mit denen umgeht, die ihn&nbsp;<em>vor seiner Brust<\/em>&nbsp;kritisieren.<\/p>\n\n\n\n<p class=\"wp-block-paragraph\">Es ist bekannt, dass viele Leute fremdgehen, und fremd, dass sie bekanntgehen.<\/p>\n\n\n\n<p class=\"wp-block-paragraph\">Mein Ruf ist so gut, dass ich sogar VW fahren k\u00c3\u00b6nnte. (zum \u00e2\u20ac\u017eDieselskandal\u00e2\u20ac\u0153)<\/p>\n\n\n\n<p class=\"wp-block-paragraph\">M\u00c3\u00a4nnerschicksal: Mit zunehmendem Alter ersetzt der Harndrang den Hahndrang.<\/p>\n\n\n\n<p class=\"wp-block-paragraph\">Es ist schon neurotisch, von was und wem sich der t\u00c3\u00bcrkische Staatspr\u00c3\u00a4sident beleidigt f\u00c3\u00bchlt. Was ER beleidigt, macht ihm nur selbst den Prozess: die menschliche Intelligenz.<\/p>\n\n\n\n<p class=\"wp-block-paragraph\">Ich k\u00c3\u00a4me nie auf den Gedanken, dass mit der Beleidigung Erdo\u00c7\u00a7ans zugleich alle T\u00c3\u00bcrken beleidigt werden. Das aber unterstellt Erdo\u00c7\u00a7an. Seine Unterstellung ist selbst eine Beleidigung aller T\u00c3\u00bcrken.<\/p>\n\n\n\n<p class=\"wp-block-paragraph\">Wenn Humanverm\u00c3\u00b6gen das Wichtigste ist, was Menschen haben, warum werden Lehrer so schlecht bezahlt? Und warum geben wir so viel Geld f\u00c3\u00bcr Kriege aus?<\/p>\n\n\n\n<p class=\"wp-block-paragraph\">Es gibt Leute, die fordern von mir, ihnen mit einem Satz die Welt zu erkl\u00c3\u00a4ren und dabei strikte Ausgewogenheit zu wahren. Als ob sie das selbst k\u00c3\u00b6nnten.<\/p>\n\n\n\n<p class=\"wp-block-paragraph\">Anruf: Komme sp\u00c3\u00a4ter! Ich habe noch Verkehr. Ich stecke im Stau \u00e2\u20ac\u201c Meine Nachfrage: Steckst Du jetzt im Stau oder hast Du noch Verkehr?<\/p>\n\n\n\n<p class=\"wp-block-paragraph\">Diejenigen, die nie etwas geleistet haben, worauf sie stolz sein k\u00c3\u00b6nnen, sind umso stolzer auf das, was sie nie geleistet haben: Deutscher zu sein oder T\u00c3\u00bcrke oder\u00e2\u20ac\u00a6 .<\/p>\n\n\n\n<p class=\"wp-block-paragraph\">T\u00c3\u00bcrkischer Journalist kritisiert Merkel: Sie und Ihr Land stehen auf der falschen Seite \u00e2\u20ac\u201c Warum meint er denn, dass Merkel auf der Seite ihres Landes steht und das Land auf der Seite von Merkel?<\/p>\n\n\n\n<p class=\"wp-block-paragraph\">Wer h\u00c3\u00a4tte je an ein B\u00c3\u00bcndnis von S\u00c3\u00a4ufern und Tiersch\u00c3\u00bctzern gedacht? Seit jeder Kasten Krombacher bedrohten Tierarten hilft, ruinieren immer mehr Tierliebhaber ihre Leber zum Schutze der Tiere.<\/p>\n\n\n\n<p class=\"wp-block-paragraph\">Ein t\u00c3\u00bcrkisches Konsulat in den Niederlanden hat dazu aufgefordert, Beleidigungen Erdo\u00c7\u00a7ans zu melden. Bei jetzt schon fast 2.000 Beleidigungsklagen will man ihm wohl helfen, sich einen Platz im Guinness Buch der Rekorde sichern.<\/p>\n\n\n\n<p class=\"wp-block-paragraph\">Bei diesem Wetter jagt man keinen Raucher vor die T\u00c3\u00bcr. Der Hund von fr\u00c3\u00bcher ist der Raucher von heute.<\/p>\n\n\n\n<p class=\"wp-block-paragraph\">Krachlederne Aufforderung einer Tiroler Band: \u00e2\u20ac\u017eDie M\u00c3\u00a4nner singen aus voller Brust, die Frauen solange der Vorrat reicht\u00e2\u20ac\u0153.<\/p>\n\n\n\n<p class=\"wp-block-paragraph\">Man kann mitten unter Menschenmassen einsam sein und mitten im \u00c3\u0153berfluss von Informationen ratlos.<\/p>\n\n\n\n<p class=\"wp-block-paragraph\">Wer hat eigentlich den \u00e2\u20ac\u017eAnrufbeantworter\u00e2\u20ac\u0153 erfunden? Die Dinger beantworten absolut nichts, h\u00c3\u00b6ren nicht richtig zu und tuten.<\/p>\n\n\n\n<p class=\"wp-block-paragraph\">Meine Frau: Fall&nbsp;<em>mir<\/em>&nbsp;nicht die Treppe runter! \u00e2\u20ac\u201c Ich: Ist Dir geholfen, wenn ich&nbsp;<em>mir selbst<\/em>&nbsp;die Treppe runterfalle?<\/p>\n\n\n\n<p class=\"wp-block-paragraph\">Germanys Next Top Model: Es ist erstaunlich, wie viele junge M\u00c3\u00a4dchen den Mummenschanz zu ihrem Lebenszweck machen wollen.<\/p>\n\n\n\n<p class=\"wp-block-paragraph\">Wer sch\u00c3\u00bctzt eigentlich die Umwelt vor den Umweltsch\u00c3\u00bctzern?<\/p>\n\n\n\n<p class=\"wp-block-paragraph\">Wie man sich bettet, so liegt man. Wie man sich jettet, so fliegt man. Wie man sich fettet, so wiegt man. Wie man sich wettet, so siegt man.<\/p>\n\n\n\n<p class=\"wp-block-paragraph\">Glaub\u00e2\u20ac\u02dc ja nicht, dass Du&nbsp;<em>mich<\/em>&nbsp;mit&nbsp;<em>Deiner<\/em>&nbsp;schlechten Laune anstecken kannst.&nbsp;<em>DU<\/em>&nbsp;nicht! Wei\u00c3\u0178t Du, was Du kannst? Du kannst mich mal! So, und jetzt hab\u00e2\u20ac\u02dc ich wirklich schlechte Laune.&nbsp;<em>Aber von mir selbst<\/em>!!! (Eine wahre Begebenheit!)<\/p>\n\n\n\n<p class=\"wp-block-paragraph\">FC Bayern viel Verstand, wenig Herz; BVB 09 weniger Verstand, mehr Herz; Schalke 04 ganz wenig Verstand, ganz viel Herz.<\/p>\n\n\n\n<p class=\"wp-block-paragraph\">Warum spielen die Leute Lotto, obwohl sie im Schnitt die H\u00c3\u00a4lfte ihres Einsatzes verlieren? F\u00c3\u00bcr den Rest kaufen sie sich den realen Traum, einmal Geld zum Hochschmei\u00c3\u0178en zu haben. Dieser Traum ist allemal mehr wert als der Einsatz, vielleicht sogar als ein sp\u00c3\u00a4terer Gewinn.<\/p>\n\n\n\n<p class=\"wp-block-paragraph\">Erdo\u00c7\u00a7an ist dabei, aus der T\u00c3\u00bcrkei eine Familiengesellschaft zu machen.<\/p>\n\n\n\n<p class=\"wp-block-paragraph\">Wir entwickeln uns durch das Scheitern unserer Pl\u00c3\u00a4ne. Wir bleiben stehn, wenn wir keine Pl\u00c3\u00a4ne mehr schmieden oder wenn wir den Fluch des Erfolgs erfahren und alle unsere Pl\u00c3\u00a4ne in Erf\u00c3\u00bcllung gehen.<\/p>\n\n\n\n<p class=\"wp-block-paragraph\">Wer mit beiden F\u00c3\u00bc\u00c3\u0178en auf der Erde bleibt, sieht immer Luft nach oben.<\/p>\n\n\n\n<p class=\"wp-block-paragraph\">Wird man von aller Welt \u00c3\u00bcberholt, wird es Zeit, sich selbst zu \u00c3\u00bcberholen.<\/p>\n\n\n\n<p class=\"wp-block-paragraph\">Ich wundere mich, dass im neuen Zeckenatlas Dortmund gar nicht verzeichnet ist. \u00c3\u0153brigens machen die Zecken im S\u00c3\u00bcden sogar um M\u00c3\u00bcnchen einen Bogen.<\/p>\n\n\n\n<p class=\"wp-block-paragraph\">Die Verbeugung vor dem i-Phone nimmt uns den aufrechten Gang.<\/p>\n\n\n\n<p class=\"wp-block-paragraph\">Warum Geld f\u00c3\u00bcr Fris\u00c3\u00b6r, Makeup oder Kopftuch aufwenden, wenn alle nur nach unten sehen? Im Zeitalter der iPhones kommt es auf die Schuhe an!<\/p>\n\n\n\n<p class=\"wp-block-paragraph\">Immer weniger Leute beten vor dem Essen. Sind die K\u00c3\u00b6che denn so gut geworden?<\/p>\n\n\n\n<p class=\"wp-block-paragraph\">Die gr\u00c3\u00b6\u00c3\u0178ten Rechtsirrt\u00c3\u00bcmer kommen nicht von der Justiz, sondern vom Gesetzgeber.<\/p>\n\n\n\n<p class=\"wp-block-paragraph\">Bofinger will Bargeld abschaffen: Es sei bei den heutigen technischen M\u00c3\u00b6glichkeiten \u00c3\u00bcberholt. \u00e2\u20ac\u201c Warum schafft er nicht die Freiheit ab: Auch die ist bei den heutigen technischen M\u00c3\u00b6glichkeiten \u00c3\u00bcberholt. Es ist wie bei der Atomkraft: Politik ist, nicht alles zuzulassen, was technisch m\u00c3\u00b6glich ist, und nicht alles zu verbieten, was technisch \u00c3\u00bcberholt scheint.<\/p>\n\n\n\n<p class=\"wp-block-paragraph\">Wenn Du sagst, Du sagst nichts, und Du sagst wirklich nichts, sagst Du mehr, als wenn Du nicht sagst, Du sagst nichts, und Du dann nichts sagst. Wenn Du sagst, Du sagst nichts, und Du sagst wirklich nichts, sagst Du sogar mehr, als wenn Du nicht sagst, Du sagst nichts, und Du sagst ja, nein oder vielleicht.- Da sagst Du jetzt nichts!? Aber sag nicht wieder, dass Du nichts sagst! Denn auch dann sagst Du was.<\/p>\n\n\n\n<p class=\"wp-block-paragraph\">We had pissful weather today.<\/p>\n\n\n\n<p class=\"wp-block-paragraph\">Doppelmoral der Politik: 500 Euro-Scheine abschaffen, um Geldw\u00c3\u00a4sche zu bek\u00c3\u00a4mpfen, aber gleichzeitig staatliche Spielcasinos betreiben.&nbsp;<\/p>\n\n\n\n<p class=\"wp-block-paragraph\">Ist Dein Song schlecht, musst Du dazu tanzen. Ist er gut, kannst Du es auch lassen. (bei der Betrachtung tanzender S\u00c3\u00a4nger)<\/p>\n\n\n\n<p class=\"wp-block-paragraph\">Redet jemand mit mir vom hohen Ross aus, ist er zu klein, um dies auf Augenh\u00c3\u00b6he zu tun.<\/p>\n\n\n\n<p class=\"wp-block-paragraph\">\u00e2\u20ac\u017eIch war immer dabei\u00e2\u20ac\u0153, sagte der Alkoholiker. \u00e2\u20ac\u017eStimmt\u00e2\u20ac\u0153, sagte sein Kollege, \u00e2\u20ac\u017eDu warst immer voll dabei\u00e2\u20ac\u0153.<\/p>\n\n\n\n<p class=\"wp-block-paragraph\">Auch wenn Du sie nicht kennst: Die Basis Deines Denkens sei die Zukunft und nicht die Vergangenheit, nur weil Du sie kennst.&nbsp;<\/p>\n\n\n\n<p class=\"wp-block-paragraph\">Rede ich mit Radikalen, mache ich immer dieselbe Feststellung: Man unterstellt mir, nicht richtig informiert zu sein. Denn w\u00c3\u00a4re ich es, h\u00c3\u00a4tte ich ihre Meinung.<\/p>\n\n\n\n<p class=\"wp-block-paragraph\">Start-ups werden finanziert von den 4Fs: Founders, Family, Friends and Fools. Aber sie stehen erst dann sicher, wenn 2Fs hinzukommen: Fans and Freaks.<\/p>\n\n\n\n<p class=\"wp-block-paragraph\">Heute las ich den wichtigen Satz: Fu\u00c3\u0178ball ohne Bier ist wie Tennis. \u00e2\u20ac\u201c Mit Wein ist es vermutlich wie Volleyball.<\/p>\n\n\n\n<p class=\"wp-block-paragraph\">Wo es um Macht, Ehre und Interessen geht, haben Verstand, Logik und Argumente keine Chance.&nbsp;<\/p>\n\n\n\n<p class=\"wp-block-paragraph\">Die Leute aus Schottland hei\u00c3\u0178en Schotten, die aus Irland Iren und die aus Russland Russen: Warum hei\u00c3\u0178en die Leute aus Island dann nicht Isen, die aus Holland Hollen und die aus England Engen?<\/p>\n\n\n\n<p class=\"wp-block-paragraph\">Warum werden im Namen des Glaubens mehr Leute umgebracht als im Namen des Wissens? Weil der Glaube gewiss ist und das Wissen unsicher.<\/p>\n\n\n\n<p class=\"wp-block-paragraph\">Bei der EM dr\u00c3\u00bccke ich den Niederl\u00c3\u00a4ndern die Daumen, finde es aber gemein, dass die mir gar keine Chance geben. (Die Niederlande waren nicht qualifiziert.)<\/p>\n\n\n\n<p class=\"wp-block-paragraph\">Robben: \u00e2\u20ac\u017eHabe die EM nicht live verfolgt\u00e2\u20ac\u0153. \u00e2\u20ac\u201c Warum auch? Er ist Holl\u00c3\u00a4nder.<\/p>\n\n\n\n<p class=\"wp-block-paragraph\">L\u00c3\u00b6w sagt, der Griff an seine Eier sei \u00e2\u20ac\u017eim Unterbewusstsein passiert\u00e2\u20ac\u0153. \u00e2\u20ac\u201c Also gar nicht \u00e2\u20ac\u017ein echt\u00e2\u20ac\u0153? Da muss sich das Objektiv subjektiv get\u00c3\u00a4uscht haben.&nbsp;<\/p>\n\n\n\n<p class=\"wp-block-paragraph\">Der Vater des Attent\u00c3\u00a4ters von Orlando ist sicher, dass Gott alle Schwulen bestraft. \u00e2\u20ac\u201c Doch was macht Gott mit denen, die sich ohne Demut mit Gott auf dieselbe Stufe stellen und sich erdreisten, genau zu wissen, was Gott machen wird?&nbsp;<\/p>\n\n\n\n<p class=\"wp-block-paragraph\">Das wichtigste Verh\u00c3\u00bctungsmittel wird meist vergessen: helles Tageslicht.<\/p>\n\n\n\n<p class=\"wp-block-paragraph\">Was n\u00c3\u00bctzt die ganze Kohle, wenn man keinen Dampf auf den Kessel kriegt!<\/p>\n\n\n\n<p class=\"wp-block-paragraph\">In England gibt es im Unterschied zu Deutschland eine Leber-Partei. Ihre Farbe ist blau. \u00e2\u20ac\u00a6. Oder gelb?<\/p>\n\n\n\n<p class=\"wp-block-paragraph\">BREXIT bei der Fu\u00c3\u0178ball-Europameisterschaft. Wie war das noch: Football is coming home? (Die Briten waren ausgeschieden.)<\/p>\n\n\n\n<p class=\"wp-block-paragraph\">Da habe ich beim Fu\u00c3\u0178ball f\u00c3\u00a4lschlich von BREXIT gesprochen. Dabei ist es dort, wie es k\u00c3\u00bcnftig politisch kommen wird: Schotten, Nordiren und Waliser werden unabh\u00c3\u00a4ngig von England handeln. Dann wird es noch enger f\u00c3\u00bcr England!<\/p>\n\n\n\n<p class=\"wp-block-paragraph\">Mit dem BREXIT machen die Engl\u00c3\u00a4nder vorerst auch ihre Schotten dicht. Aber wie lange sind es noch IHRE Schotten?<\/p>\n\n\n\n<p class=\"wp-block-paragraph\">Meine Zeitung kommentiert: Lewandowski ist geschlagen. Jetzt kann Ronaldo im Halbfinale auf Bale sto\u00c3\u0178en, im Finale dann auf Kroos. \u00e2\u20ac\u201c Liebe Kommentatoren: Fu\u00c3\u0178ball ist kein Tennis, es ist ein MANNSCHAFTSSPORT.<\/p>\n\n\n\n<p class=\"wp-block-paragraph\">Ich h\u00c3\u00a4tte nie gedacht, dass Island \u00c3\u00bcberhaupt verlieren kann. Mit Sigthorson in der Mannschaft, sprich: Siegtorsohn? (Fu\u00c3\u0178ball-EM)<\/p>\n\n\n\n<p class=\"wp-block-paragraph\">Macher, Ordentliche und Flei\u00c3\u0178ige haben fast \u00c3\u00bcberall die Kreativen outgesourct: Machern sind sie zu unbequem, Ordentlichen zu chaotisch, Flei\u00c3\u0178igen zu leger.<\/p>\n\n\n\n<p class=\"wp-block-paragraph\">Orange ist hier eine Signalfarbe, in Holland eine Tarnfarbe.<\/p>\n\n\n\n<p class=\"wp-block-paragraph\">Die Ehre wird nur selten ehrenhaft verteidigt.<\/p>\n\n\n\n<p class=\"wp-block-paragraph\">\u00e2\u20ac\u017eGlutenfrei\u00e2\u20ac\u0153 hat sich zu einem der wichtigsten Freiheitsbegriffe der westlichen Welt entwickelt. Da ist es schon egal, ob man diese Freiheit \u00c3\u00bcberhaupt braucht und was da sonst so drin ist in der Nahrung.<\/p>\n\n\n\n<p class=\"wp-block-paragraph\">\u00c3\u0153ber die Freiheit der Gedanken, muss man sich nur wenig Gedanken machen. Doch bei der Freiheit des Tuns, muss man was tun. Da kann man nicht denken, es tut sich von selbst.<\/p>\n\n\n\n<p class=\"wp-block-paragraph\">Wie hei\u00c3\u0178t ein Ausnahmezustand, wenn er zur Regel wird? Wo dann auch die Regel zur Ausnahme wird!<\/p>\n\n\n\n<p class=\"wp-block-paragraph\">Ich habe mich gefragt, wie man Spielerfrau wird. Da las ich bei Gomez und Schweini von \u00e2\u20ac\u017efrischgebackenen Spielerfrauen\u00e2\u20ac\u0153. \u00e2\u20ac\u201c Gebacken werden die also? Hmh, wie Broiler sehen manche ja aus.<\/p>\n\n\n\n<p class=\"wp-block-paragraph\">Sich \u00c3\u00bcber Chef oder Chefin aufregen? Da gibt es ein Mittel: Werde es selbst und lass die anderen sich aufregen! Und als Dein eigener Chef, Deine eigene Chefin wirst Du Dich \u00c3\u00bcber Dich selbst aufregen m\u00c3\u00bcssen.<\/p>\n\n\n\n<p class=\"wp-block-paragraph\">Ein t\u00c3\u00bcrkischer Freund sagte mir, ihm bereite die deutsche Armenien-Resolution immer noch Probleme, weil sie \u00e2\u20ac\u017eseine Ehre als T\u00c3\u00bcrke\u00e2\u20ac\u0153 verletze. Dann diskutierte er mit mir \u00c3\u00bcber die Armenien-Resolution, aber nicht \u00c3\u00bcber sein Ehrverst\u00c3\u00a4ndnis. Denn das w\u00c3\u00a4re wohl gegen seine Ehre gegangen.<\/p>\n\n\n\n<p class=\"wp-block-paragraph\">Schalke verkauft einen Spieler nach England und kauft daf\u00c3\u00bcr vier neue. Das nennt man \u00e2\u20ac\u017eInsell\u00c3\u00b6sung\u00e2\u20ac\u0153. Bekanntlich f\u00c3\u00bchrt die aber nicht zur Gesamtoptimierung.<\/p>\n\n\n\n<p class=\"wp-block-paragraph\">Wie schnell sind gerade die bereit, das Unglaublichste zu glauben, die sich dagegen wehren, das Klarste zu erkennen und das Verst\u00c3\u00a4ndlichste zu verstehen.<\/p>\n\n\n\n<p class=\"wp-block-paragraph\">All unsere Helden und Propheten: Wie klein sind sie doch aus der N\u00c3\u00a4he und wie gro\u00c3\u0178 aus der Entfernung. Bei Jim Knopf und Lukas, dem Lokomotivf\u00c3\u00bchrer, gibt es ein Wort daf\u00c3\u00bcr: Scheinriesen.<\/p>\n\n\n\n<p class=\"wp-block-paragraph\">Es stand in der Zeitung: Gewerkschafter zu einem Drittel weiblich \u00e2\u20ac\u201c Neulich sah ich einen Gewerkschafter im Schwimmbad mit langen Haaren und einem kr\u00c3\u00a4ftigen M\u00c3\u00a4nnerbusen. Deshalb vermute ich das obere Drittel.<\/p>\n\n\n\n<p class=\"wp-block-paragraph\">Je mehr sich eine Nation spaltet, umso lauter melden sich die \u00e2\u20ac\u017ePatrioten\u00e2\u20ac\u0153.<\/p>\n\n\n\n<p class=\"wp-block-paragraph\">\u00e2\u20ac\u017eBeckenbauer droht Gef\u00c3\u00a4ngnis\u00e2\u20ac\u0153 lese ich und bin mir nicht sicher, wer da wem droht. Vielleicht droht der Beckenbauer ja einem Gef\u00c3\u00a4ngnis?! Zuzutrauen w\u00c3\u00a4re es ihm.<\/p>\n\n\n\n<p class=\"wp-block-paragraph\">Man muss die Leute&nbsp;<em>langsam<\/em>&nbsp;denken lassen. Wenn ihre Gedanken K\u00c3\u00a4se sind, sollen sie doch reifen d\u00c3\u00bcrfen.<\/p>\n\n\n\n<p class=\"wp-block-paragraph\">Warum schimpft man nur auf praxisferne Theoretiker, aber nicht auf theorieferne Praktiker? Dabei gibt es davon viel mehr.<\/p>\n\n\n\n<p class=\"wp-block-paragraph\">Es erscheint mir widersinnig: Auf \u00c3\u00a4lteren Fotos sehe ich j\u00c3\u00bcnger aus, auf j\u00c3\u00bcngeren aber \u00c3\u00a4lter.<\/p>\n\n\n\n<p class=\"wp-block-paragraph\">Es lohnt sich schon deshalb Menschen durch Roboter zu ersetzen, weil Roboter nicht besteuert werden.<\/p>\n\n\n\n<p class=\"wp-block-paragraph\">Ehegespr\u00c3\u00a4ch. Ich: Das ist \u00e2\u20ac\u02dcne Arbeit f\u00c3\u00bcr einen, der Vater und Mutter erschlagen hat. \u00e2\u20ac\u201c Meine Frau: Dann lass mich sie machen. \u00e2\u20ac\u201c Ich: War das ein Gest\u00c3\u00a4ndnis?<\/p>\n\n\n\n<p class=\"wp-block-paragraph\">Die Herrschenden adeln Vasallen, freie Menschen adeln sich selbst.<\/p>\n\n\n\n<p class=\"wp-block-paragraph\">Meinem Hinweis \u00e2\u20ac\u017ealkoholfrei\u00e2\u20ac\u0153 auf eine leere Bierflasche wurde mit der Bemerkung widersprochen, da sei doch \u00e2\u20ac\u017eBier mit Alkohol\u00e2\u20ac\u0153 drin gewesen. Meine sachgerechte Antwort: \u00e2\u20ac\u017eAber es ist keiner mehr drin: alkoholfrei!\u00e2\u20ac\u0153<\/p>\n\n\n\n<p class=\"wp-block-paragraph\">Die FIFA will die Zahl der Teilnehmer an einer Fu\u00c3\u0178ball-WM auf 48 ausweiten, damit auch kleinere Nationen eine Teilnahmechance haben. \u00e2\u20ac\u201c Wahrscheinlich steckt ein Holl\u00c3\u00a4nder dahinter! (Die Niederl\u00c3\u00a4nder hatten die Qualifikation nicht geschafft.)<\/p>\n\n\n\n<p class=\"wp-block-paragraph\">Der Deutsche betreibt Ernst mit Spa\u00c3\u0178 und Spa\u00c3\u0178 mit Ernst. Der Rheinl\u00c3\u00a4nder nur Letzteres.<\/p>\n\n\n<p style=\"text-align: left;\"><span style=\"font-size: =;\"><a href=\"http:\/\/www.neschle.de\/download-manager.php?id=245\">PDF-Datei<\/a><span style=\"font-size: small;\"><br>This post was downloaded by <!--downloads(245)-->people until now.<\/span><\/span><\/p>\n<p>&#8211;&gt;<\/p>","protected":false},"excerpt":{"rendered":"<p>Das Buch der Spr\u00c3\u00bcche: Teil 20 Den schlechten Witz kritisieren am ehesten die, die selbst nie einen Witz zustande bringen, nicht mal einen schlechten. Die Aussage \u00e2\u20ac\u017eAls wir noch d\u00c3\u00bcnner waren, standen wir uns n\u00c3\u00a4her\u00e2\u20ac\u0153 ist verwunderlich. Die physikalischen Gesetze der Massenanziehung lassen das Gegenteil vermuten. Auch wer seine Liebe nicht erkl\u00c3\u00a4ren kann, kann eine &hellip; <\/p>\n<p class=\"link-more\"><a href=\"https:\/\/neschle.de\/index.php\/blog\/1478\/\" class=\"more-link\"><span class=\"screen-reader-text\">\u201eLeon Neschle<sup>&copy;<\/sup>\u201c <\/span>weiterlesen<\/a><\/p>\n","protected":false},"author":1,"featured_media":0,"comment_status":"open","ping_status":"closed","sticky":false,"template":"","format":"standard","meta":{"footnotes":""},"categories":[5,4],"tags":[101,102,105],"class_list":["post-1478","post","type-post","status-publish","format-standard","hentry","category-bucher","category-blog","tag-buch","tag-sprueche","tag-xing"],"_links":{"self":[{"href":"https:\/\/neschle.de\/index.php\/wp-json\/wp\/v2\/posts\/1478","targetHints":{"allow":["GET"]}}],"collection":[{"href":"https:\/\/neschle.de\/index.php\/wp-json\/wp\/v2\/posts"}],"about":[{"href":"https:\/\/neschle.de\/index.php\/wp-json\/wp\/v2\/types\/post"}],"author":[{"embeddable":true,"href":"https:\/\/neschle.de\/index.php\/wp-json\/wp\/v2\/users\/1"}],"replies":[{"embeddable":true,"href":"https:\/\/neschle.de\/index.php\/wp-json\/wp\/v2\/comments?post=1478"}],"version-history":[{"count":5,"href":"https:\/\/neschle.de\/index.php\/wp-json\/wp\/v2\/posts\/1478\/revisions"}],"predecessor-version":[{"id":1483,"href":"https:\/\/neschle.de\/index.php\/wp-json\/wp\/v2\/posts\/1478\/revisions\/1483"}],"wp:attachment":[{"href":"https:\/\/neschle.de\/index.php\/wp-json\/wp\/v2\/media?parent=1478"}],"wp:term":[{"taxonomy":"category","embeddable":true,"href":"https:\/\/neschle.de\/index.php\/wp-json\/wp\/v2\/categories?post=1478"},{"taxonomy":"post_tag","embeddable":true,"href":"https:\/\/neschle.de\/index.php\/wp-json\/wp\/v2\/tags?post=1478"}],"curies":[{"name":"wp","href":"https:\/\/api.w.org\/{rel}","templated":true}]}}