{"id":13,"date":"2007-03-08T14:07:33","date_gmt":"2007-03-08T12:07:33","guid":{"rendered":"http:\/\/www.neschle.de\/wordpress\/?p=13"},"modified":"2020-06-20T12:26:21","modified_gmt":"2020-06-20T11:26:21","slug":"neschle-depeschle-3","status":"publish","type":"post","link":"https:\/\/neschle.de\/index.php\/blog\/neschle-depeschle-3\/","title":{"rendered":"Neschle-Depeschle 3"},"content":{"rendered":"<header>\n<h2 style=\"text-align: left;\"><strong><span style=\"color: #4f81bd\">Irres Dummd\u00c3\u00b6deln an der CO2-Front<\/span><\/strong><\/h2>\n<p style=\"text-align: left;\"><strong>Neschle-Depeschle-Neschle-Depeschle-Neschle-Depeschle-Neschle-Depeschle<\/strong><br \/>\n<strong>F\u00c3\u00bcr den kleinen Hunger zwischendurch: Der schnelle Einwurf in den Strafraum<\/strong><\/p>\n<\/header>\n<p style=\"text-align: left;\"><em>Einmal hin, einmal her, rundherum das ist nicht schwer.&nbsp;<\/em>(aus einem Kinderlied)<\/p>\n<p style=\"text-align: left;\">Da sitzt Neschle morgens beim Fr\u00c3\u00bchst\u00c3\u00bcck und liest in seinem Fr\u00c3\u00bchst\u00c3\u00bccksblatt, der Rheinischen Post, auch RP genannt, am 7. M\u00c3\u00a4rz 2007 auf der Titelseite: <em>\u00e2\u20ac\u017eKlima-Angst \u00e2\u20ac\u201c Krefeld stoppt Kraftwerksbau&#8220;.<\/em> Und zwar den eines hochmodernen und extrem emissionsarmen Kraftwerks. \u00e2\u20ac\u201c<!--more--><\/p>\n<p style=\"text-align: left;\">Wie viel Prozent des weltweiten Kohlendioxids spart man hierdurch ein angesichts der Tatsache, dass in China w\u00c3\u00b6chentlich ein eher gr\u00c3\u00b6\u00c3\u0178eres Kraftwerk mit sicher erheblich mehr Emissionen ans Netz geht? \u00e2\u20ac\u00a6 Richtig! \u00e2\u20ac\u201c<\/p>\n<p style=\"text-align: left;\">Ja, Neschle wei\u00c3\u0178 schon: Man sollte immer erst vor der eigenen T\u00c3\u00bcre kehren! Irgendwo muss man ja anfangen: \u00e2\u20ac\u017eWenn nicht wir, wer sonst; wenn nicht jetzt, wann dann?\u00e2\u20ac\u0153, hei\u00c3\u0178t es im Weltmeisterschaftshit der Handballer. Doch Neschle fragt ja nur so, weil er in dieser Zeitung in seinem Lokalteil noch etwas ganz anderes findet.<\/p>\n<p style=\"text-align: left;\">Denn da Neschle diese Zeitung eigentlich nur wegen \u00e2\u20ac\u017eAus dem Gelderland\u00e2\u20ac\u0153 liest, \u00c3\u00bcberfliegt er auch diesen Lokalteil, obwohl der ziemlich schlecht gemacht ist, so dass Neschle ihn hier gar nicht weiter schlechtmachen muss. Und da, in der Mitte der ersten Lokalseite (B 1), in Anf\u00c3\u00bchrungszeichen, hervorgehoben, ist \u00c3\u00bcber die Erweiterung der Fliegerei auf einem wirklich nicht ben\u00c3\u00b6tigten Flughafen-WC (Sorry! Ein H\u00c3\u00b6rfehler des Sekret\u00c3\u00a4rs: Es darf auch hei\u00c3\u0178en \u00e2\u20ac\u017eFlughafen Weeze\u00e2\u20ac\u0153!) das Folgende zu lesen: <em>\u00e2\u20ac\u017eLudger van Bebber [das ist der Leiter des Flughafens] rechnete indes vor, dass der Klimawandel zwar bedenklich sei. Der Flugverkehr jedoch\u00e2\u20ac\u0161 nur zwei Prozent der CO<\/em><i><sub>2<\/sub><\/i><em>-Emissionen\u00e2\u20ac\u2122 ausmache. \u00e2\u20ac\u0161Fakt ist, wenn wir aufh\u00c3\u00b6ren zu fliegen, sparen wir nur zwei Prozent. Ich f\u00c3\u00bcrchte, dass wir die Diskussion nicht an der richtigen Stelle f\u00c3\u00bchren.&#8220;<\/em>&nbsp;(Die individuelle Zeichensetzung kennzeichnet das besondere Niveau von Neschles Lokalzeitung.)<\/p>\n<p style=\"text-align: left;\">Na, dann f\u00c3\u00bchren wir sie mal an dieser Stelle, wenn die eigene Nase immer die falsche ist. Und ziehen wir hier auch einen Landrat Spreen (Bitte nicht chinesisch aussplechen!) mit hinein, der sich f\u00c3\u00bcr ein st\u00c3\u00a4rkeres Engagement des Kreises Kleve bei diesem Flieger-Ei einsetzt, was der Bev\u00c3\u00b6lkerung dort ins Nest gelegt wird.<\/p>\n<p style=\"text-align: left;\">Ein Widerspruch zwischen beiden Reaktionen? Nein! Doch nicht in der Politik! Man kann sich das Ganze als eine Art <em>CO<\/em><i><sub>2<\/sub><\/i>-Gegenfinanzierung vorstellen. Die vermeintlich cleveren Klever bauen ihren Flughafen als Euro-Grab aus und die krassdoofen Krefelder verzichten daf\u00c3\u00bcr auf ihren Kraftwerksbau! Doch steckt dahinter nicht dieselbe L\u00c3\u00bcge wie bei den \u00e2\u20ac\u017egegenfinanzierten Steuersenkungen\u00e2\u20ac\u0153? Na klar, aber die Leute schlucken es doch auch bei jeder so genannten \u00e2\u20ac\u017eSteuersenkung\u00e2\u20ac\u0153. &#8211;<\/p>\n<p style=\"text-align: left;\">Doch das ist kein \u00e2\u20ac\u017eRumbl\u00c3\u00b6deln\u00e2\u20ac\u0153, was die Leute hier machen. Die machen das in Echt! Sie <em>tun<\/em> es! Das ist irres Dummd\u00c3\u00b6deln! Da wei\u00c3\u0178 die Rechte zwar, was die Linke tut, will es aber partout nicht wissen.<\/p>\n<p style=\"text-align: left;\">Nicht dass der Leser jetzt denkt, das sei politisch gemeint. Nein! \u00e2\u20ac\u017eJetzt haben die Ratsfraktionen von CDU und SPD jeweils einstimmig beschlossen, das Kraftwerk abzulehnen\u00e2\u20ac\u0153 hei\u00c3\u0178t es auf der Titelseite besagter RP. Dabei hat sich erst \u00e2\u20ac\u017ein den vergangenen zwei Wochen \u00e2\u20ac\u00a6 die Stimmung in der Seidenstadt v\u00c3\u00b6llig gewandelt. Die j\u00c3\u00bcngste Klimastudie und die Diskussion um die Kohlendioxidbelastung r\u00c3\u00bcckten in den Mittelpunkt.\u00e2\u20ac\u0153 So unterbleibt dann mal eben eine Milliardeninvestition, bei der etwa 20 Millionen j\u00c3\u00a4hrlich allein f\u00c3\u00bcr die Instandhaltung ausgegeben w\u00c3\u00bcrden, und alle Folgeinvestitionen. Jahrelange Planungsarbeiten sind f\u00c3\u00bcr die Katz und Arbeitspl\u00c3\u00a4tze wird es nicht geben. Krefeld braucht wahrscheinlich keine. Dann sollen sie aber &#8211; verdammt noch mal \u00e2\u20ac\u201c auch k\u00c3\u00bcnftig aufh\u00c3\u00b6ren zu jammern!<\/p>\n<p style=\"text-align: left;\">Ja ist denn Neschle gegen den Klimaschutz? Um Gottes willen! Er ist gegen die \u00e2\u20ac\u017eKlima-Angst\u00e2\u20ac\u0153, die in der Schlagzeile der RP heraufbeschworen wird. Denn Angst essen nicht nur Seele auf, sondern auch Hirn. Sogar mit gr\u00c3\u00b6\u00c3\u0178erer Begeisterung!<\/p>\n<p style=\"text-align: left;\">Neschle erkl\u00c3\u00a4rt seine Haltung mal wieder an seinem gro\u00c3\u0178en Vorbild: seiner klugen H\u00c3\u00bcndin Lucy. Die sucht im Garten fieberhaft nach neuen und guten Knochen, die dort irgendwo versteckt sind. Doch sie gibt den alten Knochen nicht aus dem Maul, bis sie den neuen Knochen gefunden hat, der ihren G\u00c3\u00bctekriterien entspricht! Verstanden? Wirklich? &#8211; Lucy w\u00c3\u00bcrde also f\u00c3\u00bcr den miserablen Knochen der Klever ihren alten nicht aus dem Maul geben, aber f\u00c3\u00bcr den durchaus passablen der Krefelder schon. Nat\u00c3\u00bcrlich nur, bis sie einen noch besseren gefunden hat!<\/p>\n<p style=\"text-align: left;\">Und die Moral von der Geschicht: Es geh\u00c3\u00b6ren mehr Frauen in die Politik, zumindest weibliche Hunde!<\/p>\n<p style=\"text-align: left;\">Die zweite Moral: Die Politik hat offenbar keine, zumindest keine durchg\u00c3\u00a4ngige!<\/p>\n<p style=\"text-align: left;\">Die dritte und letzte: Irgendwie sorgt der Klima-Wandel auch f\u00c3\u00bcr einen Klima-Wandel in der Politik. Bei der globalen Erw\u00c3\u00a4rmung brennen offenbar auch alle politischen Sicherungen durch und bei falschen Entscheidungen ziehen jetzt alle (gro\u00c3\u0178en) Parteien an einem Strick. Doch anders als fr\u00c3\u00bcher sogar in derselben Richtung. Das Beunruhigende daran: Beide Entscheidungen sind grundfalsch, die der Klever <em>und<\/em> die der Krefelder!<\/p>\n<p style=\"text-align: left;\">&#8211; Ende des Depeschle 3\u00e2\u20ac\u201c<\/p>\n<p style=\"text-align: center;\">Was mit unserer Welt geschieht,<\/p>\n<p style=\"text-align: center;\">bestimmt das Kohlendioxid.<\/p>\n<p style=\"text-align: center;\">But the ghost of global warming<\/p>\n<p style=\"text-align: center;\">means not always global warning.<\/p>\n<p style=\"text-align: center;\">While Germans contribute, still weakly,<\/p>\n<p style=\"text-align: center;\">China builds new \u00e2\u20ac\u0153Kraftwerks\u00e2\u20ac\u009d weekly.<\/p>\n<p><a title=\"PDF-Datei\" href=\"http:\/\/www.neschle.de\/download-manager.php?id=35\">PDF-Datei<\/a><br \/>\nThis post was downloaded by <!--downloads(35)--> people until now.<\/p>\n","protected":false},"excerpt":{"rendered":"<p>Irres Dummd\u00c3\u00b6deln an der CO2-Front Neschle-Depeschle-Neschle-Depeschle-Neschle-Depeschle-Neschle-Depeschle F\u00c3\u00bcr den kleinen Hunger zwischendurch: Der schnelle Einwurf in den Strafraum Einmal hin, einmal her, rundherum das ist nicht schwer.&nbsp;(aus einem Kinderlied) Da sitzt Neschle morgens beim Fr\u00c3\u00bchst\u00c3\u00bcck und liest in seinem Fr\u00c3\u00bchst\u00c3\u00bccksblatt, der Rheinischen Post, auch RP genannt, am 7. M\u00c3\u00a4rz 2007 auf der Titelseite: \u00e2\u20ac\u017eKlima-Angst \u00e2\u20ac\u201c Krefeld &hellip; <\/p>\n<p class=\"link-more\"><a href=\"https:\/\/neschle.de\/index.php\/blog\/neschle-depeschle-3\/\" class=\"more-link\"><span class=\"screen-reader-text\">\u201eNeschle-Depeschle 3\u201c <\/span>weiterlesen<\/a><\/p>\n","protected":false},"author":2,"featured_media":0,"comment_status":"open","ping_status":"closed","sticky":false,"template":"","format":"standard","meta":{"footnotes":""},"categories":[4,7],"tags":[22,11],"class_list":["post-13","post","type-post","status-publish","format-standard","hentry","category-blog","category-neschle-depeschle","tag-kommunalpolitik","tag-politik"],"_links":{"self":[{"href":"https:\/\/neschle.de\/index.php\/wp-json\/wp\/v2\/posts\/13","targetHints":{"allow":["GET"]}}],"collection":[{"href":"https:\/\/neschle.de\/index.php\/wp-json\/wp\/v2\/posts"}],"about":[{"href":"https:\/\/neschle.de\/index.php\/wp-json\/wp\/v2\/types\/post"}],"author":[{"embeddable":true,"href":"https:\/\/neschle.de\/index.php\/wp-json\/wp\/v2\/users\/2"}],"replies":[{"embeddable":true,"href":"https:\/\/neschle.de\/index.php\/wp-json\/wp\/v2\/comments?post=13"}],"version-history":[{"count":1,"href":"https:\/\/neschle.de\/index.php\/wp-json\/wp\/v2\/posts\/13\/revisions"}],"predecessor-version":[{"id":939,"href":"https:\/\/neschle.de\/index.php\/wp-json\/wp\/v2\/posts\/13\/revisions\/939"}],"wp:attachment":[{"href":"https:\/\/neschle.de\/index.php\/wp-json\/wp\/v2\/media?parent=13"}],"wp:term":[{"taxonomy":"category","embeddable":true,"href":"https:\/\/neschle.de\/index.php\/wp-json\/wp\/v2\/categories?post=13"},{"taxonomy":"post_tag","embeddable":true,"href":"https:\/\/neschle.de\/index.php\/wp-json\/wp\/v2\/tags?post=13"}],"curies":[{"name":"wp","href":"https:\/\/api.w.org\/{rel}","templated":true}]}}